{"id":11234,"date":"2016-10-27T10:43:13","date_gmt":"2016-10-27T10:43:13","guid":{"rendered":""},"modified":"2020-11-15T22:36:41","modified_gmt":"2020-11-15T22:36:41","slug":"sendikamiz-6-ola-an-genel-kurul-secim-sureci-ba-lami-tir","status":"publish","type":"post","link":"https:\/\/kultursanatsen.org.tr\/portal\/2016\/10\/27\/sendikamiz-6-ola-an-genel-kurul-secim-sureci-ba-lami-tir\/","title":{"rendered":"SEND\u0130KAMIZ 6. OLA\u011eAN GENEL KURUL SE\u00c7\u0130M S\u00dcREC\u0130 BA\u015eLAMI\u015eTIR!"},"content":{"rendered":"<p class=\"MsoBodyText\" style=\"margin-left: 18.0pt; text-indent: 17.4pt;\"><span style=\"font-family: Arial, sans-serif;\">4688 Say\u0131l\u0131 Kamu G\u00f6revlileri Sendikalar\u0131 ve Toplu S\u00f6zle\u015fme Kanunu ve sendikam\u0131z t\u00fcz\u00fc\u011f\u00fc gere\u011fi \u015eube Genel Kurullar\u0131m\u0131za ili\u015fkin Delege se\u00e7im s\u00fcrecinin ba\u015flat\u0131lmas\u0131 gerekmektedir.<\/span><\/p>\n<p class=\"MsoBodyText\" style=\"margin-left: 18.0pt; text-indent: 17.4pt;\"><span style=\"font-family: Arial, sans-serif;\">\u00a0 Bu nedenle;<\/span><\/p>\n<p class=\"MsoBodyText\" style=\"margin-left: 18.0pt; text-indent: 17.4pt;\"><span style=\"text-indent: -18pt; font-size: 12.16px; font-family: Arial, sans-serif;\">a)<span style=\"font-variant-numeric: normal; font-stretch: normal; font-size: 7pt; line-height: normal; font-family: 'Times New Roman';\">\u00a0<\/span><\/span><span style=\"text-indent: -18pt; font-size: 12.16px; font-family: Arial, sans-serif;\">Merkez Y\u00f6netim Kurulumuzun 14.10.2016 tarih ve 95 say\u0131l\u0131 karar\u0131 ile; 31 Ekim 2016 \u2013 02 Aral\u0131k 2016 tarihleri aras\u0131nda B\u00f6lge \u015eube Ba\u015fkanl\u0131klar\u0131m\u0131zda delege se\u00e7imlerinin yap\u0131lmas\u0131na,<\/span><\/p>\n<p>\u00a0 \u00a0 \u00a0 \u00a0 \u00a0 \u00a0 \u00a0<span style=\"font-family: Arial, sans-serif;\">b)<span style=\"font-variant-numeric: normal; font-stretch: normal; font-size: 7pt; line-height: normal; font-family: 'Times New Roman';\">\u00a0\u00a0\u00a0 <\/span><\/span><span style=\"font-family: Arial, sans-serif;\">B\u00f6lge \u015eube Ola\u011fan Genel Kurullar\u0131n\u0131n 05 Aral\u0131k 2016 &#8211; 05 \u015eubat 2017 tarihleri aras\u0131nda yap\u0131lmas\u0131na karar verilmi\u015ftir.\u00a0<\/span><\/p>\n<p class=\"MsoBodyText\" style=\"margin-left: 53.4pt; text-indent: -18.0pt; mso-list: l0 level1 lfo1;\">\u00a0<\/p>\n<p class=\"MsoBodyText\" style=\"margin-left: 53.4pt; text-indent: -18.0pt; mso-list: l0 level1 lfo1;\"><span style=\"font-family: Arial, sans-serif;\">Sendikam\u0131z\u0131n demokratik i\u015fleyi\u015fini g\u00fc\u00e7lendirmek ve daha g\u00fc\u00e7l\u00fc sendika kurullar\u0131n\u0131n olu\u015fabilmesi i\u00e7in t\u00fcm \u00fcyelerimizin se\u00e7im s\u00fcre\u00e7lerinde kat\u0131l\u0131m sa\u011flanmas\u0131 \u00f6nem arz etmektedir.\u00a0<\/span><\/p>\n","protected":false},"excerpt":{"rendered":"<p>4688 Say\u0131l\u0131 Kamu G\u00f6revlileri Sendikalar\u0131 ve Toplu S\u00f6zle\u015fme Kanunu ve sendikam\u0131z t\u00fcz\u00fc\u011f\u00fc gere\u011fi \u015eube Genel Kurullar\u0131m\u0131za ili\u015fkin Delege se\u00e7im s\u00fcrecinin ba\u015flat\u0131lmas\u0131 gerekmektedir. \u00a0 Bu nedenle; a)\u00a0Merkez Y\u00f6netim Kurulumuzun 14.10.2016 tarih ve 95 say\u0131l\u0131 karar\u0131 ile; 31 Ekim 2016 \u2013 02 Aral\u0131k 2016 tarihleri aras\u0131nda B\u00f6lge \u015eube Ba\u015fkanl\u0131klar\u0131m\u0131zda delege se\u00e7imlerinin yap\u0131lmas\u0131na, \u00a0 \u00a0 \u00a0 \u00a0 \u00a0 [&hellip;]<\/p>\n","protected":false},"author":1,"featured_media":11235,"comment_status":"open","ping_status":"open","sticky":true,"template":"","format":"standard","meta":[],"categories":[613,612],"tags":[],"_links":{"self":[{"href":"https:\/\/kultursanatsen.org.tr\/portal\/wp-json\/wp\/v2\/posts\/11234"}],"collection":[{"href":"https:\/\/kultursanatsen.org.tr\/portal\/wp-json\/wp\/v2\/posts"}],"about":[{"href":"https:\/\/kultursanatsen.org.tr\/portal\/wp-json\/wp\/v2\/types\/post"}],"author":[{"embeddable":true,"href":"https:\/\/kultursanatsen.org.tr\/portal\/wp-json\/wp\/v2\/users\/1"}],"replies":[{"embeddable":true,"href":"https:\/\/kultursanatsen.org.tr\/portal\/wp-json\/wp\/v2\/comments?post=11234"}],"version-history":[{"count":1,"href":"https:\/\/kultursanatsen.org.tr\/portal\/wp-json\/wp\/v2\/posts\/11234\/revisions"}],"predecessor-version":[{"id":12283,"href":"https:\/\/kultursanatsen.org.tr\/portal\/wp-json\/wp\/v2\/posts\/11234\/revisions\/12283"}],"wp:featuredmedia":[{"embeddable":true,"href":"https:\/\/kultursanatsen.org.tr\/portal\/wp-json\/wp\/v2\/media\/11235"}],"wp:attachment":[{"href":"https:\/\/kultursanatsen.org.tr\/portal\/wp-json\/wp\/v2\/media?parent=11234"}],"wp:term":[{"taxonomy":"category","embeddable":true,"href":"https:\/\/kultursanatsen.org.tr\/portal\/wp-json\/wp\/v2\/categories?post=11234"},{"taxonomy":"post_tag","embeddable":true,"href":"https:\/\/kultursanatsen.org.tr\/portal\/wp-json\/wp\/v2\/tags?post=11234"}],"curies":[{"name":"wp","href":"https:\/\/api.w.org\/{rel}","templated":true}]}}