{"id":11230,"date":"2016-10-24T08:21:02","date_gmt":"2016-10-24T08:21:02","guid":{"rendered":""},"modified":"2020-11-15T22:35:16","modified_gmt":"2020-11-15T22:35:16","slug":"konfederasyonumuz-cal-ma-bakan-muezzino-lu-ile-hukuksuz-ve-keyfi-uygulamalar-konusunda-goru-me-gercekle-tirdi","status":"publish","type":"post","link":"https:\/\/kultursanatsen.org.tr\/portal\/2016\/10\/24\/konfederasyonumuz-cal-ma-bakan-muezzino-lu-ile-hukuksuz-ve-keyfi-uygulamalar-konusunda-goru-me-gercekle-tirdi\/","title":{"rendered":"Konfederasyonumuz, \u00c7al\u0131\u015fma Bakan\u0131 M\u00fcezzino\u011flu ile Hukuksuz ve Keyfi Uygulamalar Konusunda G\u00f6r\u00fc\u015fme Ger\u00e7ekle\u015ftirdi!"},"content":{"rendered":"<p style=\"padding: 0px; margin: 0px 0px 10px; font-size: 14px; vertical-align: baseline; font-family: 'Open Sans', sans-serif; outline: 0px; border: 0px; color: #222222;\">OHAL\u2019in kald\u0131r\u0131lmas\u0131, KHK\u2019lerin geri \u00e7ekilmesi, ihra\u00e7 edilen ve a\u00e7\u0131\u011fa al\u0131nan kamu emek\u00e7ilerinin derhal g\u00f6revlerine iade edilmesi, i\u015f g\u00fcvencesini ortadan kald\u0131rmay\u0131 hedefleyen d\u00fczenlemelerin geri \u00e7ekilmesi, bask\u0131, s\u00fcrg\u00fcn, g\u00f6zalt\u0131 ve tutuklamalar ile keyfi ve hukuksuz uygulamalara son verilmesi, anayasaya ve uluslararas\u0131 s\u00f6zle\u015fmelere uyulmas\u0131 talepleriyle bug\u00fcn Konfederasyonumuz E\u015f Genel Ba\u015fkan\u0131 Lami \u00d6zgen, E\u015f Genel Ba\u015fkan\u0131m\u0131z \u015eaziye K\u00f6se, Genel Sekreterimiz Hasan Toprak ve Mali Sekreterimiz Ramazan G\u00fcrb\u00fcz, \u00c7al\u0131\u015fma ve Sosyal G\u00fcvenlik Bakan\u0131 Dr. Mehmet M\u00fcezzino\u011flu ile \u00a0makam\u0131nda bir g\u00f6r\u00fc\u015fme ger\u00e7ekle\u015ftirdi.<\/p>\n<p style=\"padding: 0px; margin: 0px 0px 10px; font-size: 14px; vertical-align: baseline; font-family: 'Open Sans', sans-serif; outline: 0px; border: 0px; color: #222222;\">G\u00f6r\u00fc\u015fmede, \u00c7al\u0131\u015fma Bakan\u0131 M\u00fcezzino\u011flu, ger\u00e7ek ma\u011fdurlar konusunda titiz davrand\u0131klar\u0131n\u0131, ihra\u00e7 edilen memurlar\u0131n bir tehdit olarak g\u00f6r\u00fcld\u00fc\u011f\u00fcn\u00fc, kamudan ba\u015fka alanlarda da \u00e7al\u0131\u015fabileceklerini ifade etti. \u00a0M\u00fcezzino\u011flu, kamuda kimsenin i\u015f g\u00fcvencesi z\u0131rh\u0131na b\u00fcr\u00fcnemeyeceklerini s\u00f6yleyerek i\u015f g\u00fcvencesinin kald\u0131r\u0131laca\u011f\u0131n\u0131n i\u015fareti verdi.<\/p>\n<p style=\"padding: 0px; margin: 0px 0px 10px; font-size: 14px; vertical-align: baseline; font-family: 'Open Sans', sans-serif; outline: 0px; border: 0px; color: #222222;\">Heyetimiz ise, 15 Temmuz darbe f\u0131rsat\u00e7\u0131l\u0131\u011f\u0131na asla izin vermeyece\u011fini, Konfederasyonumuzun fiili ve me\u015fru m\u00fccadele \u00e7izgisinden hareketle sendikal hak ve kazan\u0131mlar\u0131m\u0131z ile ihra\u00e7 edilen\/a\u00e7\u0131\u011fa al\u0131nan \u00fcyelerimiz konusunda son \u00fcyemiz g\u00f6revine geri d\u00f6nene kadar m\u00fccadelemizi s\u00fcrd\u00fcrece\u011fimizi ifade etti.<\/p>\n","protected":false},"excerpt":{"rendered":"<p>OHAL\u2019in kald\u0131r\u0131lmas\u0131, KHK\u2019lerin geri \u00e7ekilmesi, ihra\u00e7 edilen ve a\u00e7\u0131\u011fa al\u0131nan kamu emek\u00e7ilerinin derhal g\u00f6revlerine iade edilmesi, i\u015f g\u00fcvencesini ortadan kald\u0131rmay\u0131 hedefleyen d\u00fczenlemelerin geri \u00e7ekilmesi, bask\u0131, s\u00fcrg\u00fcn, g\u00f6zalt\u0131 ve tutuklamalar ile keyfi ve hukuksuz uygulamalara son verilmesi, anayasaya ve uluslararas\u0131 s\u00f6zle\u015fmelere uyulmas\u0131 talepleriyle bug\u00fcn Konfederasyonumuz E\u015f Genel Ba\u015fkan\u0131 Lami \u00d6zgen, E\u015f Genel Ba\u015fkan\u0131m\u0131z \u015eaziye K\u00f6se, Genel [&hellip;]<\/p>\n","protected":false},"author":1,"featured_media":11231,"comment_status":"open","ping_status":"open","sticky":true,"template":"","format":"standard","meta":[],"categories":[615],"tags":[],"_links":{"self":[{"href":"https:\/\/kultursanatsen.org.tr\/portal\/wp-json\/wp\/v2\/posts\/11230"}],"collection":[{"href":"https:\/\/kultursanatsen.org.tr\/portal\/wp-json\/wp\/v2\/posts"}],"about":[{"href":"https:\/\/kultursanatsen.org.tr\/portal\/wp-json\/wp\/v2\/types\/post"}],"author":[{"embeddable":true,"href":"https:\/\/kultursanatsen.org.tr\/portal\/wp-json\/wp\/v2\/users\/1"}],"replies":[{"embeddable":true,"href":"https:\/\/kultursanatsen.org.tr\/portal\/wp-json\/wp\/v2\/comments?post=11230"}],"version-history":[{"count":1,"href":"https:\/\/kultursanatsen.org.tr\/portal\/wp-json\/wp\/v2\/posts\/11230\/revisions"}],"predecessor-version":[{"id":12169,"href":"https:\/\/kultursanatsen.org.tr\/portal\/wp-json\/wp\/v2\/posts\/11230\/revisions\/12169"}],"wp:featuredmedia":[{"embeddable":true,"href":"https:\/\/kultursanatsen.org.tr\/portal\/wp-json\/wp\/v2\/media\/11231"}],"wp:attachment":[{"href":"https:\/\/kultursanatsen.org.tr\/portal\/wp-json\/wp\/v2\/media?parent=11230"}],"wp:term":[{"taxonomy":"category","embeddable":true,"href":"https:\/\/kultursanatsen.org.tr\/portal\/wp-json\/wp\/v2\/categories?post=11230"},{"taxonomy":"post_tag","embeddable":true,"href":"https:\/\/kultursanatsen.org.tr\/portal\/wp-json\/wp\/v2\/tags?post=11230"}],"curies":[{"name":"wp","href":"https:\/\/api.w.org\/{rel}","templated":true}]}}