{"id":11197,"date":"2016-08-19T17:59:14","date_gmt":"2016-08-19T17:59:14","guid":{"rendered":""},"modified":"2020-11-15T22:36:42","modified_gmt":"2020-11-15T22:36:42","slug":"memura-yemek-yardiminda-iki-onemli-de-i-iklik","status":"publish","type":"post","link":"https:\/\/kultursanatsen.org.tr\/portal\/2016\/08\/19\/memura-yemek-yardiminda-iki-onemli-de-i-iklik\/","title":{"rendered":"MEMURA YEMEK YARDIMINDA \u0130K\u0130 \u00d6NEML\u0130 DE\u011e\u0130\u015e\u0130KL\u0130K"},"content":{"rendered":"<p style=\"line-height: 22px; text-align: justify; color: #000000; font-family: 'Segoe UI', sans-serif; font-size: 12.8px;\"><span style=\"font-size: 12.8px; font-style: italic; line-height: normal; text-align: start;\">Bakanlar Kurulu, Devlet memurlar\u0131na verilen yemek yard\u0131m\u0131nda de\u011fi\u015fiklik yapt\u0131<\/span><\/p>\n<p style=\"line-height: 22px; text-align: justify; color: #000000; font-family: 'Segoe UI', sans-serif; font-size: 12.8px;\">Devlet Memurlar\u0131 Yiyecek Yard\u0131m\u0131 Y\u00f6netmeli\u011finde, 19 A\u011fustos 2016 tarihi itibariyle, de\u011fi\u015fiklik yap\u0131ld\u0131.\u00a0<a href=\"http:\/\/www.memurlar.net\/haber\/606135\/\" target=\"_blank\" rel=\"noopener noreferrer\">T\u0131klay\u0131n\u0131z.<\/a><\/p>\n<p style=\"line-height: 22px; text-align: justify; color: #000000; font-family: 'Segoe UI', sans-serif; font-size: 12.8px;\">\u0130ki madde \u00fczerinde yap\u0131lan de\u011fi\u015fikli\u011fin eski ve yeni madde kar\u015f\u0131la\u015ft\u0131rma tablosuna a\u015fa\u011f\u0131da yer verilmi\u015ftir.<\/p>\n<p style=\"line-height: 22px; text-align: justify; color: #000000; font-family: 'Segoe UI', sans-serif; font-size: 12.8px;\">Yap\u0131lan de\u011fi\u015fikli\u011fe g\u00f6re,<\/p>\n<p style=\"line-height: 22px; text-align: justify; color: #000000; font-family: 'Segoe UI', sans-serif; font-size: 12.8px;\">1- Ankara, \u0130stanbul ve \u0130zmir&#8217;de, Maliye Bakanl\u0131\u011f\u0131 daha \u00f6nce olu\u015fan yemek yard\u0131m\u0131 maliyetinin yar\u0131s\u0131n\u0131 b\u00fct\u00e7eye koyup yar\u0131s\u0131n\u0131 memurdan almaktayd\u0131. Yeni d\u00fczenlemeye g\u00f6re, Maliye Bakanl\u0131\u011f\u0131, olu\u015fan yemek maliyetinin yar\u0131s\u0131n\u0131 de\u011fil \u00fc\u00e7te ikisini kar\u015f\u0131layacakt\u0131r. Bu yeni d\u00fczenleme 15 Eyl\u00fcl&#8217;den itibaren y\u00fcr\u00fcrl\u00fc\u011fe girecektir. Maliye Bakanl\u0131\u011f\u0131n\u0131n kar\u015f\u0131layaca\u011f\u0131 yemek gideri maliyeti artaca\u011f\u0131 i\u00e7in, Ankara, \u0130stanbul ve \u0130zmir&#8217;de \u00e7al\u0131\u015fmakta olan memurun \u00f6deyece\u011fi yemek yard\u0131m\u0131 \u00fccreti\u00a0<strong>azalabilir<\/strong>.<\/p>\n<p style=\"line-height: 22px; text-align: justify; color: #000000; font-family: 'Segoe UI', sans-serif; font-size: 12.8px;\">2- 112 acil sa\u011fl\u0131k hizmetlerinde \u00e7al\u0131\u015fan personelin \u00fccretsiz olarak yemek yard\u0131m\u0131ndan yararlanmas\u0131 y\u00f6n\u00fcnde daha \u00f6nce d\u00fczenleme yap\u0131lm\u0131\u015ft\u0131. Yeni yap\u0131lan d\u00fczenlemede, Al, A2 ve C tipi Acil Sa\u011fl\u0131k Hizmetleri \u0130stasyonlar\u0131 ile \u0130l Ambulans Servisi Komuta Kontrol Merkezinde fiilen g\u00f6rev yapan personel\u00a0<strong>hari\u00e7<\/strong>\u00a0tutulmu\u015ftur.<\/p>\n<p style=\"line-height: 22px; text-align: justify; color: #000000; font-family: 'Segoe UI', sans-serif; font-size: 12.8px;\"><strong>\u0130\u015fte 19 A\u011fustos 2016 tarihli Resmi Gazetede yay\u0131mlanan de\u011fi\u015fikli\u011fin kar\u015f\u0131la\u015ft\u0131rmal\u0131 madde tablosu<\/strong><\/p>\n<table style=\"width: 655px; border-collapse: collapse; color: #000000; font-family: 'Segoe UI', sans-serif; font-size: 12.8px;\" width=\"100%\" border=\"1\" cellspacing=\"1\" cellpadding=\"1\">\n<tbody>\n<tr>\n<td style=\"vertical-align: top; padding: 0px; margin: 0px;\" width=\"55%\"><strong>ESK\u0130 H\u00dcK\u00dcM<\/strong><\/td>\n<td style=\"vertical-align: top; padding: 0px; margin: 0px;\" width=\"45%\"><strong>YEN\u0130 H\u00dcK\u00dcM<\/strong><\/td>\n<\/tr>\n<tr>\n<td style=\"vertical-align: top; padding: 0px; margin: 0px;\" width=\"55%\">Yiyecek yard\u0131m\u0131n\u0131n gerektirdi\u011fi giderler,\u00a0<strong>yemek maliyetlerinin yar\u0131s\u0131n\u0131 a\u015fmamak \u00fczere<\/strong>, bu Y\u00f6netmelik kapsam\u0131na dahil memur kadrosu adedine g\u00f6re kurum b\u00fct\u00e7elerine konulacak \u00f6deneklerle kar\u015f\u0131lan\u0131r.<\/td>\n<td style=\"vertical-align: top; padding: 0px; margin: 0px;\" width=\"45%\">Madde 4-1-Yiyecek yard\u0131m\u0131n\u0131n gerektirdi\u011fi giderler, yemek maliyetlerinin\u00a0<strong>Ankara, \u0130stanbul ve \u0130zmir illeri i\u00e7in \u00fc\u00e7te ikisini,\u00a0<\/strong>di\u011fer iller i\u00e7in yar\u0131s\u0131n\u0131 a\u015fmamak \u00fczere, bu Y\u00f6netmelik kapsam\u0131na dahil memur kadrosu adedine g\u00f6re kurum b\u00fct\u00e7elerine konulacak \u00f6deneklerle kar\u015f\u0131lan\u0131r.&#8221;<\/td>\n<\/tr>\n<tr>\n<td style=\"vertical-align: top; padding: 0px; margin: 0px;\" width=\"55%\">Bu Y\u00f6netmeli\u011fe g\u00f6re yiyecek yard\u0131m\u0131ndan yararlanacak personelden Sa\u011fl\u0131k Bakanl\u0131\u011f\u0131 112 acil sa\u011fl\u0131k hizmetlerinde g\u00f6rev yapan personel (s\u00f6zle\u015fmeli personel dahil), il sa\u011fl\u0131k m\u00fcd\u00fcrl\u00fcklerinin yemek servislerinden veya il sa\u011fl\u0131k m\u00fcd\u00fcrl\u00fcklerince belirlenen Sa\u011fl\u0131k Bakanl\u0131\u011f\u0131na ba\u011fl\u0131 yatakl\u0131 tedavi kurumlar\u0131n\u0131n yemek servislerinden \u00fccret \u00f6demeden yararlan\u0131r. Bu personelden hizmetin kesintisiz olmas\u0131 nedeniyle g\u00f6rev yerinden ayr\u0131lamayacak durumda bulunanlar kumanya verilmek suretiyle bu yard\u0131mdan yararland\u0131r\u0131labilir. Bu maddenin uygulanmas\u0131na ili\u015fkin usul ve esaslar Sa\u011fl\u0131k Bakanl\u0131\u011f\u0131nca belirlenir.<\/td>\n<td style=\"vertical-align: top; padding: 0px; margin: 0px;\" width=\"45%\">&#8220;EK MADDE 2-\u00a0<strong>Al, A2 ve C tipi Acil Sa\u011fl\u0131k Hizmetleri \u0130stasyonlar\u0131 ile \u0130l Ambulans Servisi Komuta Kontrol Merkezinde fiilen g\u00f6rev yapan personel hari\u00e7 olmak \u00fczer<\/strong>e bu Y\u00f6netmeli\u011fe g\u00f6re yiyecek yard\u0131m\u0131ndan yararlanacak personelden Sa\u011fl\u0131k Bakanl\u0131\u011f\u0131 112 acil sa\u011fl\u0131k hizmetlerinde g\u00f6rev yapan personel (s\u00f6zle\u015fmeli personel dahil), il sa\u011fl\u0131k m\u00fcd\u00fcrl\u00fcklerinin yemek servislerinden veya il sa\u011fl\u0131k m\u00fcd\u00fcrl\u00fcklerince belirlenen Sa\u011fl\u0131k Bakanl\u0131\u011f\u0131na ba\u011fl\u0131 yatakl\u0131 tedavi kurumlar\u0131n\u0131n yemek servislerinden \u00fccret \u00f6demeden yararlan\u0131r. Bu maddenin uygulanmas\u0131na ili\u015fkin usul ve esaslar Sa\u011fl\u0131k Bakanl\u0131\u011f\u0131nca belirlenir.&#8221;<\/td>\n<\/tr>\n<\/tbody>\n<\/table>\n<p style=\"line-height: 22px; text-align: justify; color: #000000; font-family: 'Segoe UI', sans-serif; font-size: 12.8px;\">MADDE 3- Say\u0131\u015ftay\u0131n g\u00f6r\u00fc\u015f\u00fc al\u0131narak haz\u0131rlanan bu Y\u00f6netmelik yay\u0131m\u0131n\u0131 izleyen ayba\u015f\u0131nda y\u00fcr\u00fcrl\u00fc\u011fe girer.<\/p>\n<p style=\"line-height: 22px; text-align: justify; color: #000000; font-family: 'Segoe UI', sans-serif; font-size: 12.8px;\">MADDE 4- Bu Y\u00f6netmelik h\u00fck\u00fcmlerini Bakanlar Kurulu y\u00fcr\u00fct\u00fcr.<\/p>\n","protected":false},"excerpt":{"rendered":"<p>Bakanlar Kurulu, Devlet memurlar\u0131na verilen yemek yard\u0131m\u0131nda de\u011fi\u015fiklik yapt\u0131 Devlet Memurlar\u0131 Yiyecek Yard\u0131m\u0131 Y\u00f6netmeli\u011finde, 19 A\u011fustos 2016 tarihi itibariyle, de\u011fi\u015fiklik yap\u0131ld\u0131.\u00a0T\u0131klay\u0131n\u0131z. \u0130ki madde \u00fczerinde yap\u0131lan de\u011fi\u015fikli\u011fin eski ve yeni madde kar\u015f\u0131la\u015ft\u0131rma tablosuna a\u015fa\u011f\u0131da yer verilmi\u015ftir. Yap\u0131lan de\u011fi\u015fikli\u011fe g\u00f6re, 1- Ankara, \u0130stanbul ve \u0130zmir&#8217;de, Maliye Bakanl\u0131\u011f\u0131 daha \u00f6nce olu\u015fan yemek yard\u0131m\u0131 maliyetinin yar\u0131s\u0131n\u0131 b\u00fct\u00e7eye koyup yar\u0131s\u0131n\u0131 [&hellip;]<\/p>\n","protected":false},"author":1,"featured_media":11198,"comment_status":"open","ping_status":"open","sticky":true,"template":"","format":"standard","meta":[],"categories":[613,612],"tags":[],"_links":{"self":[{"href":"https:\/\/kultursanatsen.org.tr\/portal\/wp-json\/wp\/v2\/posts\/11197"}],"collection":[{"href":"https:\/\/kultursanatsen.org.tr\/portal\/wp-json\/wp\/v2\/posts"}],"about":[{"href":"https:\/\/kultursanatsen.org.tr\/portal\/wp-json\/wp\/v2\/types\/post"}],"author":[{"embeddable":true,"href":"https:\/\/kultursanatsen.org.tr\/portal\/wp-json\/wp\/v2\/users\/1"}],"replies":[{"embeddable":true,"href":"https:\/\/kultursanatsen.org.tr\/portal\/wp-json\/wp\/v2\/comments?post=11197"}],"version-history":[{"count":1,"href":"https:\/\/kultursanatsen.org.tr\/portal\/wp-json\/wp\/v2\/posts\/11197\/revisions"}],"predecessor-version":[{"id":12297,"href":"https:\/\/kultursanatsen.org.tr\/portal\/wp-json\/wp\/v2\/posts\/11197\/revisions\/12297"}],"wp:featuredmedia":[{"embeddable":true,"href":"https:\/\/kultursanatsen.org.tr\/portal\/wp-json\/wp\/v2\/media\/11198"}],"wp:attachment":[{"href":"https:\/\/kultursanatsen.org.tr\/portal\/wp-json\/wp\/v2\/media?parent=11197"}],"wp:term":[{"taxonomy":"category","embeddable":true,"href":"https:\/\/kultursanatsen.org.tr\/portal\/wp-json\/wp\/v2\/categories?post=11197"},{"taxonomy":"post_tag","embeddable":true,"href":"https:\/\/kultursanatsen.org.tr\/portal\/wp-json\/wp\/v2\/tags?post=11197"}],"curies":[{"name":"wp","href":"https:\/\/api.w.org\/{rel}","templated":true}]}}