{"id":11193,"date":"2016-08-17T10:26:54","date_gmt":"2016-08-17T10:26:54","guid":{"rendered":""},"modified":"2020-11-07T22:33:08","modified_gmt":"2020-11-07T22:33:08","slug":"sanat-orgutlerinden-ozelle-tirmelere-tepki","status":"publish","type":"post","link":"https:\/\/kultursanatsen.org.tr\/portal\/2016\/08\/17\/sanat-orgutlerinden-ozelle-tirmelere-tepki\/","title":{"rendered":"SANAT \u00d6RG\u00dcTLER\u0130NDEN \u00d6ZELLE\u015eT\u0130RMELERE TEPK\u0130!"},"content":{"rendered":"<p style=\"margin: 0px 0px 20px; padding: 0px; border: 0px; outline: 0px; vertical-align: top; background-image: initial; background-attachment: initial; background-size: initial; background-origin: initial; background-clip: initial; background-position: initial; background-repeat: initial;\"><span style=\"color: #2d2d2d; font-family: Roboto, sans-serif;\"><span style=\"font-size: 15px; line-height: 25px;\"><strong>TBMM Plan ve B\u00fct\u00e7e Komisyonun \u00f6zelle\u015ftirmeleri tekrar g\u00fcndeme getiren 100 kurumun ad\u0131n\u0131n ge\u00e7ti\u011fi liste tart\u0131\u015fmalara neden oldu.<\/strong><\/span><\/span><\/p>\n<p style=\"margin: 0px 0px 20px; padding: 0px; border: 0px; outline: 0px; vertical-align: top; font-family: Roboto, sans-serif; font-size: 15px; line-height: 25px; color: #2d2d2d; background-image: initial; background-attachment: initial; background-size: initial; background-origin: initial; background-clip: initial; background-position: initial; background-repeat: initial;\">\u00d6zlelle\u015ftirilmesi \u00f6nerilen kurumlar\u0131n mal varl\u0131klar\u0131n\u0131n \u00d6zelle\u015ftirme \u0130daresi taraf\u0131ndan sat\u0131\u015fa \u00e7\u0131kar\u0131labilece\u011finin a\u00e7\u0131klanmas\u0131na devlet sanat kurumlar\u0131ndaki \u00f6rg\u00fct ve sendikalardan ele\u015ftiriler geldi.<\/p>\n<p style=\"margin: 0px 0px 20px; padding: 0px; border: 0px; outline: 0px; vertical-align: top; font-family: Roboto, sans-serif; font-size: 15px; line-height: 25px; color: #2d2d2d; background-image: initial; background-attachment: initial; background-size: initial; background-origin: initial; background-clip: initial; background-position: initial; background-repeat: initial;\">Aralar\u0131nda \u0130stanbul Atat\u00fcrk K\u00fclt\u00fcr Merkezi, T\u00fcrk Tarih Kurumu, Devlet Tiyatrolar\u0131, Devlet Opera ve Balesi ile T\u00fcrk Dil Kurumu\u2019nun da bulundu\u011fu bu listeyle ilgili olarak Devlet Tiyatrosu Opera ve Balesi \u00c7al\u0131\u015fanlar\u0131 Yard\u0131mla\u015fma Vakf\u0131 Ba\u015fkan\u0131 Mehmet Y\u0131lmaz, \u201cDaha \u00f6nce de buna benzer deneyimler ya\u015fanm\u0131\u015ft\u0131 ve o d\u00f6nemde komisyonlara Devlet Tiyatrolar\u0131, Devlet Opera ve Balesi\u2019nin bu listelerinden \u00e7\u0131kar\u0131lmas\u0131 gerekti\u011fi y\u00f6n\u00fcndeki yap\u0131lan \u00f6neriler, uyar\u0131lar dikkate al\u0131n\u0131p torbadan \u00e7\u0131kar\u0131lm\u0131\u015ft\u0131. Ancak \u015fimdi bu toz duman\u0131n oldu\u011fu ortamda \u00f6zelle\u015ftirme \u00f6nerilerinin bulundu\u011fu listelerle yeniden g\u00fcndeme geldi. TBMM Plan ve B\u00fct\u00e7e Komisyonunun son tasar\u0131s\u0131nda bu kurumlar var. Komisyon \u00fcyeleriyle g\u00f6r\u00fc\u015fmelerimiz s\u00fcr\u00fcyor. Devlet Tiyatrolar\u0131, Devlet Opera ve Balesi\u2019nin bu kapsamda de\u011ferlendirilemeyece\u011fini s\u00f6yl\u00fcyoruz. Bu kurumlar\u0131n \u00f6zel b\u00fct\u00e7eli, devletin halka sanat\u0131 g\u00f6t\u00fcrme yolundaki en \u00f6nemli kurumlar oldu\u011funu vurguluyoruz. Komisyondan bu torbadan sanat kurumlar\u0131n\u0131n \u00e7\u0131kar\u0131lmas\u0131n\u0131 bekliyoruz. Ayr\u0131ca genel b\u00fct\u00e7eli\/\u00f6zel b\u00fct\u00e7eli devlet kurumlar\u0131n\u0131n mal varl\u0131klar\u0131n\u0131n \u00f6zelle\u015ftireceklerini s\u00f6yledi Maliye Bakan\u0131. Bu \u00e7al\u0131\u015fman\u0131n s\u0131n\u0131rlar\u0131 nerelere kadar dayan\u0131yor bilmiyoruz. Devlet Tiyatrolar\u0131, Devlet Opera ve Balesi\u2019nin mal varl\u0131klar\u0131 hali haz\u0131rda ki ihiya\u00e7lar\u0131m\u0131z\u0131 kar\u015f\u0131layamayacak kadar azd\u0131r, dolay\u0131syla bu \u00f6zelle\u015ftirmeye kurumlar\u0131m\u0131z\u0131n ne maksatla sokuldu\u011fu endi\u015fe vericidir.\u201d dedi.<\/p>\n<h3 style=\"margin: 0px; padding: 0px; border: 0px; outline: 0px; vertical-align: top; font-family: Roboto, sans-serif; font-size: 18px; text-transform: uppercase; color: #a61915; background-image: initial; background-attachment: initial; background-size: initial; background-origin: initial; background-clip: initial; background-position: initial; background-repeat: initial;\">OLAGAN\u00dcST\u00dc RANT<\/h3>\n<p style=\"margin: 0px 0px 20px; padding: 0px; border: 0px; outline: 0px; vertical-align: top; font-family: Roboto, sans-serif; font-size: 15px; line-height: 25px; color: #2d2d2d; background-image: initial; background-attachment: initial; background-size: initial; background-origin: initial; background-clip: initial; background-position: initial; background-repeat: initial;\">K\u00fclt\u00fcr Sanat-Sen Genel Ba\u015fkan\u0131 Yavuz Demirkaya ise devletin \u00f6zel b\u00fct\u00e7eli kurumlar\u0131n mal varl\u0131klar\u0131n\u0131 \u00f6zelle\u015ftirmeye \u00e7\u0131karmas\u0131n\u0131 anayasa ayk\u0131r\u0131 bulduklar\u0131n\u0131 belirtti. \u201cHazine tam tak\u0131r kuru bak\u0131r oldu da bizim haberimiz yok\u201d diyen Demirkaya bu \u00f6zelle\u015ftirmelerin as\u0131l nedenlerinin kamuoyu ile payla\u015f\u0131lmas\u0131 gerekti\u011fini vurgulad\u0131. Demirkaya s\u00f6zlerini \u015f\u00f6yle s\u00fcrd\u00fcrd\u00fc; \u201cAnkara\u2019da bulunan iki mekan\u0131n d\u0131\u015f\u0131nda \u00e7e\u015fitli vak\u0131f veya \u015fah\u0131slara ait yerlerde kirada olan sanat kurumlar\u0131n\u0131n mal varl\u0131\u011f\u0131 yok. Bu sat\u0131\u015f karar\u0131 OHAL ilan\u0131yla olagan\u00fcst\u00fc ranta d\u00f6n\u00fclt\u00fcr\u00fclm\u00fc\u015ft\u00fcr. Bu i\u015fi normal \u015fartlarda yapm\u0131\u015f olsalard\u0131 T\u00fcrkiye a\u011faya kalkm\u0131\u015ft\u0131&#8230; Bu kararlar geri d\u00f6n\u00fc\u015f\u00fc olmayan ma\u011fduriyetler yaratacakt\u0131r, mecliste bu i\u015fin onaylanmamas\u0131 gerekir, bu y\u00fczden buradan meclisteki partilere bu \u00f6zelle\u015ftirmelere kar\u015f\u0131 \u00e7\u0131kmalar\u0131 noktas\u0131nda \u00e7a\u011fr\u0131da bulunuyoruz.\u201d<\/p>\n<p style=\"margin: 0px 0px 20px; padding: 0px; border: 0px; outline: 0px; vertical-align: top; font-family: Roboto, sans-serif; font-size: 15px; line-height: 25px; color: #2d2d2d; background-image: initial; background-attachment: initial; background-size: initial; background-origin: initial; background-clip: initial; background-position: initial; background-repeat: initial;\">Devlet Opera ve Balesi Genel M\u00fcd\u00fcrl\u00fc\u011f\u00fc (DOP) konuyla ilgili kendilerine iletilmi\u015f bir bilginin olmad\u0131\u011f\u0131n\u0131 s\u00f6yledi.<br \/>T\u00fcrkiye Bilimler Akademisi (T\u00dcBA) ise konuyla ilgili bir a\u00e7\u0131klama yapmay\u0131 gerekli bulmad\u0131klar\u0131n\u0131, gerekirse ilerideki g\u00fcnlerde yapabileceklerini aktard\u0131.<\/p>\n<p style=\"margin: 0px 0px 20px; padding: 0px; border: 0px; outline: 0px; vertical-align: top; font-family: Roboto, sans-serif; font-size: 15px; line-height: 25px; color: #2d2d2d; background-image: initial; background-attachment: initial; background-size: initial; background-origin: initial; background-clip: initial; background-position: initial; background-repeat: initial;\"><strong style=\"margin: 0px; padding: 0px; border: 0px; outline: 0px; vertical-align: top; background-image: initial; background-attachment: initial; background-size: initial; background-origin: initial; background-clip: initial; background-position: initial; background-repeat: initial;\">Sevda AYDIN<\/strong><\/p>\n<p style=\"margin: 0px 0px 20px; padding: 0px; border: 0px; outline: 0px; vertical-align: top; font-family: Roboto, sans-serif; font-size: 15px; line-height: 25px; color: #2d2d2d; background-image: initial; background-attachment: initial; background-size: initial; background-origin: initial; background-clip: initial; background-position: initial; background-repeat: initial;\">17.08.2016.Evrensel Gazetesi<\/p>\n","protected":false},"excerpt":{"rendered":"<p>TBMM Plan ve B\u00fct\u00e7e Komisyonun \u00f6zelle\u015ftirmeleri tekrar g\u00fcndeme getiren 100 kurumun ad\u0131n\u0131n ge\u00e7ti\u011fi liste tart\u0131\u015fmalara neden oldu. \u00d6zlelle\u015ftirilmesi \u00f6nerilen kurumlar\u0131n mal varl\u0131klar\u0131n\u0131n \u00d6zelle\u015ftirme \u0130daresi taraf\u0131ndan sat\u0131\u015fa \u00e7\u0131kar\u0131labilece\u011finin a\u00e7\u0131klanmas\u0131na devlet sanat kurumlar\u0131ndaki \u00f6rg\u00fct ve sendikalardan ele\u015ftiriler geldi. Aralar\u0131nda \u0130stanbul Atat\u00fcrk K\u00fclt\u00fcr Merkezi, T\u00fcrk Tarih Kurumu, Devlet Tiyatrolar\u0131, Devlet Opera ve Balesi ile T\u00fcrk Dil Kurumu\u2019nun da [&hellip;]<\/p>\n","protected":false},"author":1,"featured_media":11194,"comment_status":"open","ping_status":"open","sticky":true,"template":"","format":"standard","meta":[],"categories":[623],"tags":[622],"_links":{"self":[{"href":"https:\/\/kultursanatsen.org.tr\/portal\/wp-json\/wp\/v2\/posts\/11193"}],"collection":[{"href":"https:\/\/kultursanatsen.org.tr\/portal\/wp-json\/wp\/v2\/posts"}],"about":[{"href":"https:\/\/kultursanatsen.org.tr\/portal\/wp-json\/wp\/v2\/types\/post"}],"author":[{"embeddable":true,"href":"https:\/\/kultursanatsen.org.tr\/portal\/wp-json\/wp\/v2\/users\/1"}],"replies":[{"embeddable":true,"href":"https:\/\/kultursanatsen.org.tr\/portal\/wp-json\/wp\/v2\/comments?post=11193"}],"version-history":[{"count":1,"href":"https:\/\/kultursanatsen.org.tr\/portal\/wp-json\/wp\/v2\/posts\/11193\/revisions"}],"predecessor-version":[{"id":11655,"href":"https:\/\/kultursanatsen.org.tr\/portal\/wp-json\/wp\/v2\/posts\/11193\/revisions\/11655"}],"wp:featuredmedia":[{"embeddable":true,"href":"https:\/\/kultursanatsen.org.tr\/portal\/wp-json\/wp\/v2\/media\/11194"}],"wp:attachment":[{"href":"https:\/\/kultursanatsen.org.tr\/portal\/wp-json\/wp\/v2\/media?parent=11193"}],"wp:term":[{"taxonomy":"category","embeddable":true,"href":"https:\/\/kultursanatsen.org.tr\/portal\/wp-json\/wp\/v2\/categories?post=11193"},{"taxonomy":"post_tag","embeddable":true,"href":"https:\/\/kultursanatsen.org.tr\/portal\/wp-json\/wp\/v2\/tags?post=11193"}],"curies":[{"name":"wp","href":"https:\/\/api.w.org\/{rel}","templated":true}]}}