{"id":11181,"date":"2016-08-05T09:03:29","date_gmt":"2016-08-05T09:03:29","guid":{"rendered":""},"modified":"2020-11-15T22:36:43","modified_gmt":"2020-11-15T22:36:43","slug":"ne-darbe-ne-ohal","status":"publish","type":"post","link":"https:\/\/kultursanatsen.org.tr\/portal\/2016\/08\/05\/ne-darbe-ne-ohal\/","title":{"rendered":"NE DARBE NE OHAL !"},"content":{"rendered":"<p style=\"margin: 6px 0px; color: #1d2129; font-family: helvetica, arial, sans-serif; font-size: 14px; line-height: 19.32px;\">15 Temmuz darbe giri\u015fimi, halk\u0131n da deste\u011fiyle geri p\u00fcsk\u00fcrt\u00fclm\u00fc\u015f, ba\u015far\u0131s\u0131z olmu\u015ftur. Mecliste olsun olmas\u0131n b\u00fct\u00fcn siyasi partiler, sendikalar, odalar, sivil toplum kurulu\u015flar\u0131 fiilen demokrasiden yana ta<span class=\"text_exposed_show\" style=\"display: inline;\">vr\u0131n\u0131 koymu\u015f, darbecilere kar\u015f\u0131 \u00e7\u0131km\u0131\u015ft\u0131r.<\/span><\/p>\n<div class=\"text_exposed_show\" style=\"display: inline; color: #1d2129; font-family: helvetica, arial, sans-serif; font-size: 14px; line-height: 19.32px;\">\n<p style=\"margin: 0px 0px 6px;\">Elbetteki darbe giri\u015fiminde bulunan herkes yarg\u0131 kar\u015f\u0131s\u0131na \u00e7\u0131kar\u0131lmal\u0131 ve yasalar\u0131n \u00f6ng\u00f6rd\u00fc\u011f\u00fc bi\u00e7imde cezaland\u0131r\u0131lmal\u0131d\u0131r. Ancak, bu durumu f\u0131rsat bilen iktidar, muhalif g\u00f6rd\u00fc\u011f\u00fc herkesi tasfiye etmek i\u00e7in ad\u0131mlar atmakta, darbenin savu\u015fturulmas\u0131n\u0131 politik g\u00fcce d\u00f6n\u00fc\u015ft\u00fcrmektedir.<\/p>\n<p style=\"margin: 6px 0px;\">Darbe bast\u0131r\u0131lm\u0131\u015f, ama OHAL ile fiilen \u201cdarbe hukuku\u201dnun h\u00fck\u00fcm s\u00fcrd\u00fc\u011f\u00fc bir d\u00f6neme girilmi\u015ftir. Kanun H\u00fckm\u00fcnde Kararname ile y\u00f6netilen \u00fclkede, hayat\u0131na demokrasiden yana y\u00f6n vermi\u015f nice insan i\u015finden edilmekte, hakk\u0131nda soru\u015fturma a\u00e7\u0131lmakta, meslekten men cezas\u0131na maruz kalmaktad\u0131r. Valiliklerin \u201cgizli\u201d yaz\u0131yla \u201cmuhbir\u201d aray\u0131\u015f\u0131na \u00e7\u0131kt\u0131klar\u0131, bas\u0131nda yer almaktad\u0131r.<\/p>\n<p style=\"margin: 6px 0px;\">Ba\u015flayan \u201ccad\u0131 av\u0131\u201dndan, darbe ya da FET\u00d6 ile hi\u00e7bir ili\u015fkisi olmayan ayd\u0131nlar, gazeteciler, sanat\u00e7\u0131lar, yazarlar, \u015fairler, tiyatrocular da nasibini almaktad\u0131r. Bu hukuk d\u0131\u015f\u0131 ve kurals\u0131z savrulman\u0131n son halkas\u0131, \u0130stanbul B\u00fcy\u00fck\u015fehir Belediyesi \u015eehir Tiyatrolar\u0131\u2019nda 6 kadrolu sanat\u00e7\u0131 ile bir memur a\u00e7\u0131\u011fa al\u0131nm\u0131\u015f, 20 hizmet al\u0131m\u0131 sanat\u00e7\u0131n\u0131n ili\u015fi\u011fi kesilmi\u015ftir. Hukuksuzluk kar\u015f\u0131s\u0131nda meslekta\u015flar\u0131m\u0131zla sonuna kadar dayan\u0131\u015fma i\u00e7inde olaca\u011f\u0131m\u0131z\u0131 belirtmek isteriz.<\/p>\n<p style=\"margin: 6px 0px;\">Darbeye kar\u015f\u0131 oldu\u011fumuz kadar s\u0131k\u0131y\u00f6netim ko\u015fullar\u0131na ve OHAL\u2019e de kar\u015f\u0131y\u0131z. OHAL bir an \u00f6nce kald\u0131r\u0131lmal\u0131, \u00f6rg\u00fctlenme ve inan\u00e7 \u00f6zg\u00fcrl\u00fc\u011f\u00fc ba\u015fta olmak \u00fczere, uluslararas\u0131 hukuk kurallar\u0131 \u00e7er\u00e7evesinde, demokratik ad\u0131mlar at\u0131lmal\u0131d\u0131r. Yarg\u0131n\u0131n ba\u011f\u0131ms\u0131zl\u0131\u011f\u0131n\u0131 ve halk egemenli\u011fini g\u00fcvence alt\u0131na alan laik anayasal d\u00fczen s\u00fcratle kurulmal\u0131; haks\u0131z yere tutuklanan, soru\u015fturmaya maruz kalan ve i\u015finden olan herkesin haklar\u0131 iade edilmelidir.<\/p>\n<p style=\"margin: 6px 0px;\">\u00c7\u00f6z\u00fcm demokrasi, ba\u011f\u0131ms\u0131z yarg\u0131, insan haklar\u0131, temel hak ve \u00f6zg\u00fcrl\u00fcklerin k\u0131s\u0131tlanmad\u0131\u011f\u0131 bir T\u00fcrkiye\u2019de birlikte ya\u015famakt\u0131r.<\/p>\n<p style=\"margin: 6px 0px;\">Oyuncular Sendikas\u0131<br \/>K\u00fclt\u00fcr Sanat Sen<br \/>T\u00fcrkiye Yazarlar Sendikas\u0131<br \/>Sinema Emek\u00e7ileri Sendikas\u0131 (Sine \u2013 Sen)<br \/>\u0130stanbul \u015eehir Tiyatrosu Sanat\u00e7\u0131lar\u0131 Derne\u011fi (\u0130\u015eT\u0130SAN)\u00a0<br \/>Devlet Tiyatrolar\u0131 Opera ve Bale \u00c7al\u0131\u015fanlar\u0131 Vakf\u0131 (TOBAV)<br \/>Opera Bale Vakf\u0131 (OBAV)<br \/>Devlet Tiyatrolar\u0131 Sanat\u00e7\u0131lar\u0131 Derne\u011fi (DET\u0130S)<br \/>Opera Solistleri Derne\u011fi (OPSOD)<br \/>Sanat\u00e7\u0131lar Giri\u015fimi<br \/>K\u00fclt\u00fcrleraras\u0131 \u0130leti\u015fim Disiplinleraras\u0131 Sanat Derne\u011fi (K\u0130DS)<br \/>Uluslararas\u0131 PEN T\u00fcrkiye Merkezi<br \/>Uluslararas\u0131 Plastik Sanat\u00e7\u0131lar Derne\u011fi (UPSD)<br \/>Tiyatro Ele\u015ftirmenleri Birli\u011fi (TEB)<br \/>Sinema Yazarlar\u0131 Derne\u011fi (S\u0130YAD)<br \/>Piramid Sanat<br \/>Leman<br \/>Mimarlar Odas\u0131 \u0130stanbul B\u00fcy\u00fckkent \u015eubesi<br \/>Tiyatro Oyuncular\u0131 Meslek Birli\u011fi (TOMEB)<\/p>\n<\/div>\n","protected":false},"excerpt":{"rendered":"<p>15 Temmuz darbe giri\u015fimi, halk\u0131n da deste\u011fiyle geri p\u00fcsk\u00fcrt\u00fclm\u00fc\u015f, ba\u015far\u0131s\u0131z olmu\u015ftur. Mecliste olsun olmas\u0131n b\u00fct\u00fcn siyasi partiler, sendikalar, odalar, sivil toplum kurulu\u015flar\u0131 fiilen demokrasiden yana tavr\u0131n\u0131 koymu\u015f, darbecilere kar\u015f\u0131 \u00e7\u0131km\u0131\u015ft\u0131r. Elbetteki darbe giri\u015fiminde bulunan herkes yarg\u0131 kar\u015f\u0131s\u0131na \u00e7\u0131kar\u0131lmal\u0131 ve yasalar\u0131n \u00f6ng\u00f6rd\u00fc\u011f\u00fc bi\u00e7imde cezaland\u0131r\u0131lmal\u0131d\u0131r. Ancak, bu durumu f\u0131rsat bilen iktidar, muhalif g\u00f6rd\u00fc\u011f\u00fc herkesi tasfiye etmek i\u00e7in [&hellip;]<\/p>\n","protected":false},"author":1,"featured_media":11182,"comment_status":"open","ping_status":"open","sticky":true,"template":"","format":"standard","meta":[],"categories":[613,612],"tags":[],"_links":{"self":[{"href":"https:\/\/kultursanatsen.org.tr\/portal\/wp-json\/wp\/v2\/posts\/11181"}],"collection":[{"href":"https:\/\/kultursanatsen.org.tr\/portal\/wp-json\/wp\/v2\/posts"}],"about":[{"href":"https:\/\/kultursanatsen.org.tr\/portal\/wp-json\/wp\/v2\/types\/post"}],"author":[{"embeddable":true,"href":"https:\/\/kultursanatsen.org.tr\/portal\/wp-json\/wp\/v2\/users\/1"}],"replies":[{"embeddable":true,"href":"https:\/\/kultursanatsen.org.tr\/portal\/wp-json\/wp\/v2\/comments?post=11181"}],"version-history":[{"count":1,"href":"https:\/\/kultursanatsen.org.tr\/portal\/wp-json\/wp\/v2\/posts\/11181\/revisions"}],"predecessor-version":[{"id":12299,"href":"https:\/\/kultursanatsen.org.tr\/portal\/wp-json\/wp\/v2\/posts\/11181\/revisions\/12299"}],"wp:featuredmedia":[{"embeddable":true,"href":"https:\/\/kultursanatsen.org.tr\/portal\/wp-json\/wp\/v2\/media\/11182"}],"wp:attachment":[{"href":"https:\/\/kultursanatsen.org.tr\/portal\/wp-json\/wp\/v2\/media?parent=11181"}],"wp:term":[{"taxonomy":"category","embeddable":true,"href":"https:\/\/kultursanatsen.org.tr\/portal\/wp-json\/wp\/v2\/categories?post=11181"},{"taxonomy":"post_tag","embeddable":true,"href":"https:\/\/kultursanatsen.org.tr\/portal\/wp-json\/wp\/v2\/tags?post=11181"}],"curies":[{"name":"wp","href":"https:\/\/api.w.org\/{rel}","templated":true}]}}