{"id":11179,"date":"2016-08-02T11:33:48","date_gmt":"2016-08-02T11:33:48","guid":{"rendered":""},"modified":"2020-11-15T22:36:43","modified_gmt":"2020-11-15T22:36:43","slug":"2010-yili-kpss-iptaline-ili-kin-de-erlendirmemiz","status":"publish","type":"post","link":"https:\/\/kultursanatsen.org.tr\/portal\/2016\/08\/02\/2010-yili-kpss-iptaline-ili-kin-de-erlendirmemiz\/","title":{"rendered":"2010 YILI KPSS \u0130PTAL\u0130NE \u0130L\u0130\u015eK\u0130N DE\u011eERLEND\u0130RMEM\u0130Z!"},"content":{"rendered":"<p style=\"margin: 0px; padding: 0px; border: 0px; outline: 0px; color: #1e1e1e; font-family: Calibri, Verdana, Arial, Helvetica, sans-serif; font-size: 14px; line-height: normal; text-align: justify;\">Sorular\u0131n s\u0131navdan \u00f6nce d\u0131\u015far\u0131ya s\u0131zd\u0131r\u0131ld\u0131\u011f\u0131 iddialar\u0131 \u00fczerine &#8220;E\u011fitim Bilimleri&#8221; k\u0131sm\u0131 iptal edilen 2010 y\u0131l\u0131ndaki Kamu Personel Se\u00e7me S\u0131nav\u0131&#8217;n\u0131n (KPSS) &#8220;Genel Yetenek ve Genel K\u00fclt\u00fcr&#8221; b\u00f6l\u00fcm\u00fc de iptal edildi.<\/p>\n<p style=\"margin: 0px; padding: 0px; border: 0px; outline: 0px; color: #1e1e1e; font-family: Calibri, Verdana, Arial, Helvetica, sans-serif; font-size: 14px; line-height: normal; text-align: justify;\">\u00a0<\/p>\n<p style=\"margin: 0px; padding: 0px; border: 0px; outline: 0px; color: #1e1e1e; font-family: Calibri, Verdana, Arial, Helvetica, sans-serif; font-size: 14px; line-height: normal; text-align: justify;\">Ankara 1 \u0130dare Mahkemesi\u2019nin 2010 y\u0131l\u0131 Kamu Personel Se\u00e7me S\u0131nav\u0131n\u0131 iptal edilmesiyle birlikte 2010 y\u0131l\u0131 KPSS s\u0131nav\u0131na ba\u011fl\u0131 olarak atanan ve 6 y\u0131ld\u0131r \u00e7e\u015fitli Kamu Kurumlar\u0131nda g\u00f6rev yapan kamu emek\u00e7ilerinin tedirginli\u011fi hat safhaya \u00e7\u0131km\u0131\u015f durumdad\u0131r.<\/p>\n<p style=\"margin: 0px; padding: 0px; border: 0px; outline: 0px; color: #1e1e1e; font-family: Calibri, Verdana, Arial, Helvetica, sans-serif; font-size: 14px; line-height: normal; text-align: justify;\">\u00a0<\/p>\n<p style=\"margin: 0px; padding: 0px; border: 0px; outline: 0px; color: #1e1e1e; font-family: Calibri, Verdana, Arial, Helvetica, sans-serif; font-size: 14px; line-height: normal; text-align: justify;\">Ankara 1.\u0130dare Mahkemesi\u2019nin karar\u0131 hukuk\u00e7ular\u0131n yapm\u0131\u015f oldu\u011fu tespitler g\u00f6z \u00f6n\u00fcnde bulunduruldu\u011funda yok h\u00fckm\u00fcndedir. Buna g\u00f6re 2010 y\u0131l\u0131 KPSS s\u0131nav\u0131 sonu\u00e7lar\u0131na ba\u011fl\u0131 olarak atamas\u0131 yap\u0131lan kamu emek\u00e7ilerinin 657 say\u0131l\u0131 Yasan\u0131n 98.maddesinin (b) bendinde yer alan \u201cmemurlu\u011fa al\u0131nma \u015fartlar\u0131ndan her hangi birini ta\u015f\u0131mad\u0131\u011f\u0131n\u0131n sonradan anla\u015f\u0131lmas\u0131 veya memurluklar\u0131 s\u0131ras\u0131nda bu \u015fartlardan her hangi birini kaybetmesi\u201d h\u00fckm\u00fc gerek\u00e7e g\u00f6sterilerek g\u00f6revlerine son verilebilecektir.<\/p>\n<p style=\"margin: 0px; padding: 0px; border: 0px; outline: 0px; color: #1e1e1e; font-family: Calibri, Verdana, Arial, Helvetica, sans-serif; font-size: 14px; line-height: normal; text-align: justify;\">\u00a0<\/p>\n<p style=\"margin: 0px; padding: 0px; border: 0px; outline: 0px; color: #1e1e1e; font-family: Calibri, Verdana, Arial, Helvetica, sans-serif; font-size: 14px; line-height: normal; text-align: justify;\">\u00d6zellikle 15 Temmuz darbe giri\u015fimiyle ba\u015flayan s\u00fcre\u00e7te oldu\u011fu gibi \u00f6zensiz tutumlar\u0131n 2010 KPSS s\u0131nav\u0131na y\u00f6nelik \u201csorular\u0131n \u00e7al\u0131nd\u0131\u011f\u0131\u201d iddialar\u0131nda da sergilenmesi kurunun yan\u0131nda ya\u015f\u0131 da yakacak, on binlerce kamu emek\u00e7isinin ma\u011fduriyetine yol a\u00e7acakt\u0131r. On binlerce insan\u0131 ilgilendiren bir meselede Mahkemenin konuyu a\u011f\u0131rdan almas\u0131 ve alt\u0131 y\u0131l gibi uzun bir s\u00fcreden sonra karar vermesi \u201cgeciken adalet, adalet de\u011fildir\u201d sav\u0131n\u0131 bir kez daha do\u011frulamaktad\u0131r.<\/p>\n<p style=\"margin: 0px; padding: 0px; border: 0px; outline: 0px; color: #1e1e1e; font-family: Calibri, Verdana, Arial, Helvetica, sans-serif; font-size: 14px; line-height: normal; text-align: justify;\">\u00a0<\/p>\n<p style=\"margin: 0px; padding: 0px; border: 0px; outline: 0px; color: #1e1e1e; font-family: Calibri, Verdana, Arial, Helvetica, sans-serif; font-size: 14px; line-height: normal; text-align: justify;\">Di\u011fer taraftan AKP H\u00fck\u00fcmeti d\u00f6neminde Mahkeme karar\u0131yla iptal edilen s\u0131nav say\u0131s\u0131na bir yenisi daha eklenmi\u015f bulunmaktad\u0131r. Bir\u00e7ok kamu kurumunun a\u00e7m\u0131\u015f oldu\u011fu g\u00f6revde y\u00fckselme s\u0131navlar\u0131n\u0131n gerek soru iptalleri gerekse m\u00fclakat\u0131n objektif kriterler \u0131\u015f\u0131\u011f\u0131nda yap\u0131lmad\u0131\u011f\u0131 gerek\u00e7esiyle iptal edildi\u011fi bilinmektedir.<\/p>\n<p style=\"margin: 0px; padding: 0px; border: 0px; outline: 0px; color: #1e1e1e; font-family: Calibri, Verdana, Arial, Helvetica, sans-serif; font-size: 14px; line-height: normal; text-align: justify;\">\u00a0<\/p>\n<p style=\"margin: 0px; padding: 0px; border: 0px; outline: 0px; color: #1e1e1e; font-family: Calibri, Verdana, Arial, Helvetica, sans-serif; font-size: 14px; line-height: normal; text-align: justify;\">Sendikam\u0131zca da Kamu Kurumlar\u0131nda kadrola\u015fma amac\u0131yla s\u0131nav s\u00fcre\u00e7lerine m\u00fcdahale edildi\u011fi iddialar\u0131na ra\u011fmen gerekli \u00f6zeni g\u00f6stermeyen H\u00fck\u00fcmet ortaya \u00e7\u0131kan ma\u011fduriyetlerin giderilmesinden sorumludur.<\/p>\n<p style=\"margin: 0px; padding: 0px; border: 0px; outline: 0px; color: #1e1e1e; font-family: Calibri, Verdana, Arial, Helvetica, sans-serif; font-size: 14px; line-height: normal; text-align: justify;\">\u00a0<\/p>\n<p style=\"margin: 0px; padding: 0px; border: 0px; outline: 0px; color: #1e1e1e; font-family: Calibri, Verdana, Arial, Helvetica, sans-serif; font-size: 14px; line-height: normal; text-align: justify;\">\u0130\u00e7inde bulundu\u011fumuz OHAL ko\u015fullar\u0131nda temel haklar\u0131n ortadan kald\u0131r\u0131lmas\u0131, i\u015f yo\u011funlu\u011fu gibi bir\u00e7ok sorunla bo\u011fu\u015fan kamu emek\u00e7ileri \u015fimdi 6 y\u0131ll\u0131k kazan\u0131lm\u0131\u015f haklar\u0131n\u0131n yok edilmesiyle kar\u015f\u0131 kar\u015f\u0131ya bulunmaktad\u0131r.<\/p>\n<p style=\"margin: 0px; padding: 0px; border: 0px; outline: 0px; color: #1e1e1e; font-family: Calibri, Verdana, Arial, Helvetica, sans-serif; font-size: 14px; line-height: normal; text-align: justify;\">\u00a0<\/p>\n<p style=\"margin: 0px; padding: 0px; border: 0px; outline: 0px; color: #1e1e1e; font-family: Calibri, Verdana, Arial, Helvetica, sans-serif; font-size: 14px; line-height: normal; text-align: justify;\">H\u00fck\u00fcmet, kurunun yan\u0131nda ya\u015f\u0131n da yanmas\u0131na neden olan uygulamalardan vazge\u00e7melidir. Ankara 1.\u0130dare Mahkemesi\u2019nin karar\u0131na ba\u011fl\u0131 olarak s\u0131nav sonu\u00e7lar\u0131n\u0131n b\u00fct\u00fcnl\u00fckl\u00fc olarak ortadan kald\u0131r\u0131lmas\u0131 yerine <strong>haks\u0131z yere kamuya atananlar\u0131 ay\u0131klayacak bir d\u00fczenlemeyi acilen yapmal\u0131,<\/strong> hakk\u0131yla s\u0131nav\u0131 kazanan kamu emek\u00e7ilerinin ma\u011fduriyetini ortadan kald\u0131rmal\u0131d\u0131r.<\/p>\n<p style=\"margin: 0px; padding: 0px; border: 0px; outline: 0px; color: #1e1e1e; font-family: Calibri, Verdana, Arial, Helvetica, sans-serif; font-size: 14px; line-height: normal; text-align: justify;\">\u00a0<\/p>\n<p style=\"margin: 0px; padding: 0px; border: 0px; outline: 0px; color: #1e1e1e; font-family: Calibri, Verdana, Arial, Helvetica, sans-serif; font-size: 14px; line-height: normal;\" align=\"right\">MERKEZ Y\u00d6NET\u0130M KURULU<\/p>\n","protected":false},"excerpt":{"rendered":"<p>Sorular\u0131n s\u0131navdan \u00f6nce d\u0131\u015far\u0131ya s\u0131zd\u0131r\u0131ld\u0131\u011f\u0131 iddialar\u0131 \u00fczerine &#8220;E\u011fitim Bilimleri&#8221; k\u0131sm\u0131 iptal edilen 2010 y\u0131l\u0131ndaki Kamu Personel Se\u00e7me S\u0131nav\u0131&#8217;n\u0131n (KPSS) &#8220;Genel Yetenek ve Genel K\u00fclt\u00fcr&#8221; b\u00f6l\u00fcm\u00fc de iptal edildi. \u00a0 Ankara 1 \u0130dare Mahkemesi\u2019nin 2010 y\u0131l\u0131 Kamu Personel Se\u00e7me S\u0131nav\u0131n\u0131 iptal edilmesiyle birlikte 2010 y\u0131l\u0131 KPSS s\u0131nav\u0131na ba\u011fl\u0131 olarak atanan ve 6 y\u0131ld\u0131r \u00e7e\u015fitli Kamu Kurumlar\u0131nda [&hellip;]<\/p>\n","protected":false},"author":1,"featured_media":11180,"comment_status":"open","ping_status":"open","sticky":true,"template":"","format":"standard","meta":[],"categories":[613,612],"tags":[],"_links":{"self":[{"href":"https:\/\/kultursanatsen.org.tr\/portal\/wp-json\/wp\/v2\/posts\/11179"}],"collection":[{"href":"https:\/\/kultursanatsen.org.tr\/portal\/wp-json\/wp\/v2\/posts"}],"about":[{"href":"https:\/\/kultursanatsen.org.tr\/portal\/wp-json\/wp\/v2\/types\/post"}],"author":[{"embeddable":true,"href":"https:\/\/kultursanatsen.org.tr\/portal\/wp-json\/wp\/v2\/users\/1"}],"replies":[{"embeddable":true,"href":"https:\/\/kultursanatsen.org.tr\/portal\/wp-json\/wp\/v2\/comments?post=11179"}],"version-history":[{"count":1,"href":"https:\/\/kultursanatsen.org.tr\/portal\/wp-json\/wp\/v2\/posts\/11179\/revisions"}],"predecessor-version":[{"id":12300,"href":"https:\/\/kultursanatsen.org.tr\/portal\/wp-json\/wp\/v2\/posts\/11179\/revisions\/12300"}],"wp:featuredmedia":[{"embeddable":true,"href":"https:\/\/kultursanatsen.org.tr\/portal\/wp-json\/wp\/v2\/media\/11180"}],"wp:attachment":[{"href":"https:\/\/kultursanatsen.org.tr\/portal\/wp-json\/wp\/v2\/media?parent=11179"}],"wp:term":[{"taxonomy":"category","embeddable":true,"href":"https:\/\/kultursanatsen.org.tr\/portal\/wp-json\/wp\/v2\/categories?post=11179"},{"taxonomy":"post_tag","embeddable":true,"href":"https:\/\/kultursanatsen.org.tr\/portal\/wp-json\/wp\/v2\/tags?post=11179"}],"curies":[{"name":"wp","href":"https:\/\/api.w.org\/{rel}","templated":true}]}}