{"id":11135,"date":"2016-06-01T07:34:57","date_gmt":"2016-06-01T07:34:57","guid":{"rendered":""},"modified":"2020-11-15T22:36:43","modified_gmt":"2020-11-15T22:36:43","slug":"bu-daha-ba-langic-mucadeleye-devam-d20","status":"publish","type":"post","link":"https:\/\/kultursanatsen.org.tr\/portal\/2016\/06\/01\/bu-daha-ba-langic-mucadeleye-devam-d20\/","title":{"rendered":"BU DAHA BA\u015eLANGI\u00c7 M\u00dcCADELEYE DEVAM!"},"content":{"rendered":"<p style=\"padding: 0px; margin: 0px 0px 10px; font-size: 14px; vertical-align: baseline; font-family: 'Open Sans', sans-serif; outline: 0px; border: 0px; color: #222222; line-height: 18px;\">\u0130stanbul\u2019un son ye\u015fil alanlar\u0131ndan birisi olan Taksim Gezi Park\u0131n\u0131n daha fazla rant i\u00e7in betonla\u015ft\u0131r\u0131lmas\u0131na, tek tip ya\u015fam dayat\u0131lmas\u0131na itirazla ba\u015flay\u0131p,\u00a0 e\u015fit, \u00f6zg\u00fcr ve demokratik bir \u00fclke talebi ile t\u00fcm \u00fclkeyi saran Gezi Direni\u015finin \u00fczerinden tam \u00fc\u00e7 y\u0131l ge\u00e7ti! Bu vesileyle bizlere onurlu bir gelecek i\u00e7in canlar\u0131n\u0131 ortaya koyan ve a\u00e7\u0131k\u00e7a hedef g\u00f6zetilerek katledilen gen\u00e7lerimizi bir kez daha sayg\u0131yla an\u0131yor, hala yarg\u0131 \u00f6n\u00fcne \u00e7\u0131kar\u0131lmayan, AKP taraf\u0131ndan korunan katillerin pe\u015fini asla b\u0131rakmayaca\u011f\u0131m\u0131z\u0131 ifade ediyoruz.<\/p>\n<p style=\"padding: 0px; margin: 0px 0px 10px; font-size: 14px; vertical-align: baseline; font-family: 'Open Sans', sans-serif; outline: 0px; border: 0px; color: #222222; line-height: 18px;\">Gezi direni\u015finde milyonlar her t\u00fcrl\u00fc bask\u0131ya ra\u011fmen kararl\u0131l\u0131kla taleplerini savundu, teslim olmad\u0131, olmuyor, olmayacak.<\/p>\n<p style=\"padding: 0px; margin: 0px 0px 10px; font-size: 14px; vertical-align: baseline; font-family: 'Open Sans', sans-serif; outline: 0px; border: 0px; color: #222222; line-height: 18px;\">Gezi direni\u015fi, AKP\u2019nin s\u00f6m\u00fcr\u00fc, zorba ve gerici d\u00fczeninde sesi ve nefesi zorla kesilen halk\u0131n ald\u0131\u011f\u0131 nefes, hayk\u0131rd\u0131\u011f\u0131 sesti. Kad\u0131nlara,\u00a0gen\u00e7lere ve toplumun t\u00fcm ilerici-\u00f6zg\u00fcrl\u00fck\u00e7\u00fc de\u011ferlerine y\u00f6nelik geli\u015fen sald\u0131r\u0131lara kar\u015f\u0131 \u00f6zg\u00fcr bir \u00fclke ve hayat kurma m\u00fccadelesiydi.<\/p>\n<p style=\"padding: 0px; margin: 0px 0px 10px; font-size: 14px; vertical-align: baseline; font-family: 'Open Sans', sans-serif; outline: 0px; border: 0px; color: #222222; line-height: 18px;\">Bug\u00fcn o a\u011fa\u00e7lar\u0131n ye\u015feren dallar\u0131 gibi e\u015fitlik, \u00f6zg\u00fcrl\u00fck ve demokrasi talebi t\u00fcm \u00fclkeyi her zamankinden daha fazla sarm\u0131\u015f durumda.<\/p>\n<p style=\"padding: 0px; margin: 0px 0px 10px; font-size: 14px; vertical-align: baseline; font-family: 'Open Sans', sans-serif; outline: 0px; border: 0px; color: #222222; line-height: 18px;\">Gezi Park\u0131\u2019nda ya\u011fmaya, talana kar\u015f\u0131 ba\u015flayan n\u00f6bet AKP\u2019nin bask\u0131 ve zulm\u00fcne kar\u015f\u0131 birle\u015fen milyonlar\u0131n m\u00fccadelesinde s\u00fcrmeye devam etmektedir. Gezi direni\u015finin taleplerini daha yak\u0131c\u0131 halde g\u00fcncelli\u011fini koruyor.<\/p>\n<p style=\"padding: 0px; margin: 0px 0px 10px; font-size: 14px; vertical-align: baseline; font-family: 'Open Sans', sans-serif; outline: 0px; border: 0px; color: #222222; line-height: 18px;\">\u00c7\u00fcnk\u00fc AKP; en ufak itiraza kar\u015f\u0131 polisiyle ya\u015fam alanlar\u0131m\u0131za hala gaz bombalar\u0131 ya\u011fd\u0131r\u0131yor, silah kullan\u0131yor. Aylara vara soka\u011fa \u00e7\u0131kma yasaklar\u0131 uyguluyor, \u015fehirleri adeta haritadan siliyor. Halk\u0131n can g\u00fcvenli\u011fi, bizzat kendilerini korumakla g\u00f6revlendirilenler taraf\u0131ndan tehdit ediliyor. D\u00fc\u015fman olarak g\u00f6r\u00fclen toplumsal muhalefet toplu g\u00f6zalt\u0131 ve tutuklamalar, faili me\u00e7huller ve her t\u00fcr fa\u015fizan bask\u0131 ile teslim al\u0131nmak, ortadan kald\u0131r\u0131lmak isteniyor. Diz \u00e7\u00f6kmemizi, ba\u015f e\u011fmemizi istiyorlar.<\/p>\n<p style=\"padding: 0px; margin: 0px 0px 10px; font-size: 14px; vertical-align: baseline; font-family: 'Open Sans', sans-serif; outline: 0px; border: 0px; color: #222222; line-height: 18px;\">Polis devletini kurumsalla\u015ft\u0131rmak, hukuk d\u0131\u015f\u0131l\u0131klara k\u0131l\u0131f uydurmak, yarg\u0131lanmaktan kurtulmak i\u00e7in habire yasalar haz\u0131rl\u0131yorlar, saraylar kuruyorlar. Yanda\u015f medya \u00f6zel sava\u015f lobisi olarak \u00e7al\u0131\u015f\u0131yor, toplumsal muhalefeti etkisizle\u015ftirmek i\u00e7in her t\u00fcr yalan\u0131 ve dezenformasyonu yap\u0131yor.<\/p>\n<p style=\"padding: 0px; margin: 0px 0px 10px; font-size: 14px; vertical-align: baseline; font-family: 'Open Sans', sans-serif; outline: 0px; border: 0px; color: #222222; line-height: 18px;\">Ancak g\u00fc\u00e7l\u00fc bir ak\u0131nt\u0131ya k\u00fcrek \u00e7ekmenin nafile oldu\u011funu, bask\u0131 ve zor kar\u015f\u0131s\u0131nda halk\u0131n er ya da ge\u00e7 aya\u011fa kalkaca\u011f\u0131n\u0131 ve ok yaydan \u00e7\u0131kt\u0131ktan sonra da durdurulamayaca\u011f\u0131n\u0131 Gezi direni\u015fi bir kez daha hat\u0131rlatt\u0131!<\/p>\n<p style=\"padding: 0px; margin: 0px 0px 10px; font-size: 14px; vertical-align: baseline; font-family: 'Open Sans', sans-serif; outline: 0px; border: 0px; color: #222222; line-height: 18px;\">Polis \u015fiddetine, g\u00f6z alt\u0131lara, tutuklamalara, her t\u00fcrl\u00fc bask\u0131ya, karalamaya, hukuku ask\u0131ya alan uygulamalara, yalan ve dolana kar\u015f\u0131 hakl\u0131, me\u015fru ve kararl\u0131 m\u00fccadelemiz bu fa\u015fizan d\u00fczen de\u011fi\u015finceye kadar s\u00fcrecektir.<\/p>\n<p style=\"padding: 0px; margin: 0px 0px 10px; font-size: 14px; vertical-align: baseline; font-family: 'Open Sans', sans-serif; outline: 0px; border: 0px; color: #222222; line-height: 18px;\">Ethem, Ali \u0130smail, Mehmet Ayval\u0131ta\u015f, Medeni, Hasan Ferit, Ahmet, Abdullah, Mehmet \u0130stif, Fadime Ana, Berkin Elvan, U\u011fur Kurt, Ayhan Y\u0131lmaz, Soma\u2019da kaybetti\u011fimiz emek\u00e7iler, Roboskiler, Cizre\u2019de apartman dairesinde yak\u0131lanlar ve k\u0131yd\u0131klar\u0131 daha binlerce canlar i\u00e7in yarg\u0131lanmaktan kurtulamayacaklar.<\/p>\n<p style=\"padding: 0px; margin: 0px 0px 10px; font-size: 14px; vertical-align: baseline; font-family: 'Open Sans', sans-serif; outline: 0px; border: 0px; color: #222222; line-height: 18px;\">\u0130\u015fyerlerinde ve alanlarda e\u015fit, \u00f6zg\u00fcr ve demokratik bir \u00fclke m\u00fccadelesini y\u0131llard\u0131r s\u00fcrd\u00fcren kamu emek\u00e7ileri t\u00fcm Gezi dinamikleriyle birlikte m\u00fccadeleyi b\u00fcy\u00fctecek, karanl\u0131\u011fa teslim olmayacak, ellerimizden ald\u0131klar\u0131n\u0131n, bizlerden \u00e7ald\u0131klar\u0131n\u0131n hesab\u0131n\u0131 soracakt\u0131r.<\/p>\n<p style=\"padding: 0px; margin: 0px 0px 10px; font-size: 14px; vertical-align: baseline; font-family: 'Open Sans', sans-serif; outline: 0px; border: 0px; color: #222222; line-height: 18px;\">K\u00dcLT\u00dcR SANAT-SEN olarak; e\u015fit, \u00f6zg\u00fcr ve demokratik bir gelecek m\u00fccadelesinde kamu emek\u00e7ilerini, i\u015f\u00e7ileri, gen\u00e7leri, kad\u0131nlar\u0131 ve t\u00fcm halk\u0131m\u0131z\u0131 direni\u015fin par\u00e7as\u0131 olmaya ve m\u00fccadeleyi b\u00fcy\u00fctmeye \u00e7a\u011f\u0131r\u0131yoruz.<\/p>\n<p style=\"padding: 0px; margin: 0px 0px 10px; font-size: 14px; vertical-align: baseline; font-family: 'Open Sans', sans-serif; outline: 0px; border: 0px; color: #222222; line-height: 18px;\"><strong style=\"padding: 0px; margin: 0px; font-style: inherit; vertical-align: baseline; font-family: inherit; outline: 0px; border: 0px;\">Y\u00d6NET\u0130M KURULU\u00a0<\/strong><\/p>\n","protected":false},"excerpt":{"rendered":"<p>\u0130stanbul\u2019un son ye\u015fil alanlar\u0131ndan birisi olan Taksim Gezi Park\u0131n\u0131n daha fazla rant i\u00e7in betonla\u015ft\u0131r\u0131lmas\u0131na, tek tip ya\u015fam dayat\u0131lmas\u0131na itirazla ba\u015flay\u0131p,\u00a0 e\u015fit, \u00f6zg\u00fcr ve demokratik bir \u00fclke talebi ile t\u00fcm \u00fclkeyi saran Gezi Direni\u015finin \u00fczerinden tam \u00fc\u00e7 y\u0131l ge\u00e7ti! Bu vesileyle bizlere onurlu bir gelecek i\u00e7in canlar\u0131n\u0131 ortaya koyan ve a\u00e7\u0131k\u00e7a hedef g\u00f6zetilerek katledilen gen\u00e7lerimizi bir [&hellip;]<\/p>\n","protected":false},"author":1,"featured_media":11136,"comment_status":"open","ping_status":"open","sticky":true,"template":"","format":"standard","meta":[],"categories":[613,612],"tags":[],"_links":{"self":[{"href":"https:\/\/kultursanatsen.org.tr\/portal\/wp-json\/wp\/v2\/posts\/11135"}],"collection":[{"href":"https:\/\/kultursanatsen.org.tr\/portal\/wp-json\/wp\/v2\/posts"}],"about":[{"href":"https:\/\/kultursanatsen.org.tr\/portal\/wp-json\/wp\/v2\/types\/post"}],"author":[{"embeddable":true,"href":"https:\/\/kultursanatsen.org.tr\/portal\/wp-json\/wp\/v2\/users\/1"}],"replies":[{"embeddable":true,"href":"https:\/\/kultursanatsen.org.tr\/portal\/wp-json\/wp\/v2\/comments?post=11135"}],"version-history":[{"count":1,"href":"https:\/\/kultursanatsen.org.tr\/portal\/wp-json\/wp\/v2\/posts\/11135\/revisions"}],"predecessor-version":[{"id":12309,"href":"https:\/\/kultursanatsen.org.tr\/portal\/wp-json\/wp\/v2\/posts\/11135\/revisions\/12309"}],"wp:featuredmedia":[{"embeddable":true,"href":"https:\/\/kultursanatsen.org.tr\/portal\/wp-json\/wp\/v2\/media\/11136"}],"wp:attachment":[{"href":"https:\/\/kultursanatsen.org.tr\/portal\/wp-json\/wp\/v2\/media?parent=11135"}],"wp:term":[{"taxonomy":"category","embeddable":true,"href":"https:\/\/kultursanatsen.org.tr\/portal\/wp-json\/wp\/v2\/categories?post=11135"},{"taxonomy":"post_tag","embeddable":true,"href":"https:\/\/kultursanatsen.org.tr\/portal\/wp-json\/wp\/v2\/tags?post=11135"}],"curies":[{"name":"wp","href":"https:\/\/api.w.org\/{rel}","templated":true}]}}