{"id":11053,"date":"2016-02-18T11:05:15","date_gmt":"2016-02-18T11:05:15","guid":{"rendered":""},"modified":"2020-11-14T22:06:09","modified_gmt":"2020-11-14T22:06:09","slug":"aci-kayibimiz-d54","status":"publish","type":"post","link":"https:\/\/kultursanatsen.org.tr\/portal\/2016\/02\/18\/aci-kayibimiz-d54\/","title":{"rendered":"ACI KAYIBIMIZ"},"content":{"rendered":"<p>\u0130stanbul B\u00f6lge \u015eubemiz Y\u00f6netim Kurulu \u00dcyesi Ramazan \u00d6ZAK&#8217;\u0131n babas\u0131 vefat etmi\u015ftir.Merhumun naa\u015f\u0131 bug\u00fcn Van ilinde topra\u011fa verilecektir.T\u00fcm ailesi ve yak\u0131nlar\u0131na ba\u015fsa\u011fl\u0131\u011f\u0131 diliyoruz.<\/p>\n","protected":false},"excerpt":{"rendered":"<p>\u0130stanbul B\u00f6lge \u015eubemiz Y\u00f6netim Kurulu \u00dcyesi Ramazan \u00d6ZAK&#8217;\u0131n babas\u0131 vefat etmi\u015ftir.Merhumun naa\u015f\u0131 bug\u00fcn Van ilinde topra\u011fa verilecektir.T\u00fcm ailesi ve yak\u0131nlar\u0131na ba\u015fsa\u011fl\u0131\u011f\u0131 diliyoruz.<\/p>\n","protected":false},"author":1,"featured_media":0,"comment_status":"open","ping_status":"open","sticky":false,"template":"","format":"standard","meta":[],"categories":[26,612],"tags":[],"_links":{"self":[{"href":"https:\/\/kultursanatsen.org.tr\/portal\/wp-json\/wp\/v2\/posts\/11053"}],"collection":[{"href":"https:\/\/kultursanatsen.org.tr\/portal\/wp-json\/wp\/v2\/posts"}],"about":[{"href":"https:\/\/kultursanatsen.org.tr\/portal\/wp-json\/wp\/v2\/types\/post"}],"author":[{"embeddable":true,"href":"https:\/\/kultursanatsen.org.tr\/portal\/wp-json\/wp\/v2\/users\/1"}],"replies":[{"embeddable":true,"href":"https:\/\/kultursanatsen.org.tr\/portal\/wp-json\/wp\/v2\/comments?post=11053"}],"version-history":[{"count":1,"href":"https:\/\/kultursanatsen.org.tr\/portal\/wp-json\/wp\/v2\/posts\/11053\/revisions"}],"predecessor-version":[{"id":11925,"href":"https:\/\/kultursanatsen.org.tr\/portal\/wp-json\/wp\/v2\/posts\/11053\/revisions\/11925"}],"wp:attachment":[{"href":"https:\/\/kultursanatsen.org.tr\/portal\/wp-json\/wp\/v2\/media?parent=11053"}],"wp:term":[{"taxonomy":"category","embeddable":true,"href":"https:\/\/kultursanatsen.org.tr\/portal\/wp-json\/wp\/v2\/categories?post=11053"},{"taxonomy":"post_tag","embeddable":true,"href":"https:\/\/kultursanatsen.org.tr\/portal\/wp-json\/wp\/v2\/tags?post=11053"}],"curies":[{"name":"wp","href":"https:\/\/api.w.org\/{rel}","templated":true}]}}