{"id":11051,"date":"2016-02-15T08:42:52","date_gmt":"2016-02-15T08:42:52","guid":{"rendered":""},"modified":"2020-11-14T22:06:09","modified_gmt":"2020-11-14T22:06:09","slug":"aci-kaybimiz-d30","status":"publish","type":"post","link":"https:\/\/kultursanatsen.org.tr\/portal\/2016\/02\/15\/aci-kaybimiz-d30\/","title":{"rendered":"ACI KAYBIMIZ&#8230;"},"content":{"rendered":"<p>\u0130stanbul Devlet Tiyatrosu sanat\u00e7\u0131lar\u0131ndan sendika \u00fcyemiz G\u00f6kalp KULAN vefat etmi\u015ftir. Bug\u00fcn saat 13.00&#8217;de \u00dcsk\u00fcdar Tekel Sahnesinde t\u00f6ren d\u00fczenlenecektir. T\u00f6renden sonra \u00dcsk\u00fcdar Karacaahmet \u015eakirin Cami&#8217;nde \u00a0ikindi namaz\u0131na m\u00fcteakip Karacaahmet mezarl\u0131\u011f\u0131na defnedilecektir. T\u00fcm sanat camias\u0131na, Ailesi ve yak\u0131nlar\u0131na ba\u015fsa\u011fl\u0131\u011f\u0131 dileriz.\u00a0<\/p>\n<p><strong>G\u00f6kalp Kulan kimdir?<\/strong><\/p>\n<p>G\u00f6kalp Kulan, 1961&#8217;de \u0130stanbul&#8217;da do\u011fdu. Mimar Sinan \u00dcniversitesi Tiyatro B\u00f6l\u00fcm\u00fc&#8217;nden mezun olduktan sonra 1984&#8217;te Bursa DT&#8217;de staj\u0131n\u0131 tamamlamas\u0131n\u0131n ard\u0131ndan \u0130stanbul DT&#8217;de g\u00f6reve ba\u015flad\u0131.<\/p>\n<p>&#8220;Yaprak D\u00f6k\u00fcm\u00fc&#8221;, &#8220;Yunus Emre&#8221;, &#8220;Deli&#8221;, &#8220;\u0130kizler&#8221;, &#8220;Karag\u00f6z\u00fcm \u0130ki G\u00f6z\u00fcm&#8221;, &#8220;A\u00e7\u0131l Kafam A\u00e7\u0131l&#8221;, &#8220;G\u00fcne\u015f Batarken Bile B\u00fcy\u00fck&#8221;, &#8220;Fesle\u011fen \u00c7\u0131kmaz\u0131&#8221; ve &#8220;Bedensiz Kad\u0131n&#8221; gibi bir\u00e7ok oyunda g\u00f6rev yapan sanat\u00e7\u0131, evli ve iki k\u0131z babas\u0131 idi.<\/p>\n<p>\u00a0<\/p>\n","protected":false},"excerpt":{"rendered":"<p>\u0130stanbul Devlet Tiyatrosu sanat\u00e7\u0131lar\u0131ndan sendika \u00fcyemiz G\u00f6kalp KULAN vefat etmi\u015ftir. Bug\u00fcn saat 13.00&#8217;de \u00dcsk\u00fcdar Tekel Sahnesinde t\u00f6ren d\u00fczenlenecektir. T\u00f6renden sonra \u00dcsk\u00fcdar Karacaahmet \u015eakirin Cami&#8217;nde \u00a0ikindi namaz\u0131na m\u00fcteakip Karacaahmet mezarl\u0131\u011f\u0131na defnedilecektir. T\u00fcm sanat camias\u0131na, Ailesi ve yak\u0131nlar\u0131na ba\u015fsa\u011fl\u0131\u011f\u0131 dileriz.\u00a0 G\u00f6kalp Kulan kimdir? G\u00f6kalp Kulan, 1961&#8217;de \u0130stanbul&#8217;da do\u011fdu. Mimar Sinan \u00dcniversitesi Tiyatro B\u00f6l\u00fcm\u00fc&#8217;nden mezun olduktan sonra 1984&#8217;te [&hellip;]<\/p>\n","protected":false},"author":1,"featured_media":11052,"comment_status":"open","ping_status":"open","sticky":false,"template":"","format":"standard","meta":[],"categories":[26,612],"tags":[],"_links":{"self":[{"href":"https:\/\/kultursanatsen.org.tr\/portal\/wp-json\/wp\/v2\/posts\/11051"}],"collection":[{"href":"https:\/\/kultursanatsen.org.tr\/portal\/wp-json\/wp\/v2\/posts"}],"about":[{"href":"https:\/\/kultursanatsen.org.tr\/portal\/wp-json\/wp\/v2\/types\/post"}],"author":[{"embeddable":true,"href":"https:\/\/kultursanatsen.org.tr\/portal\/wp-json\/wp\/v2\/users\/1"}],"replies":[{"embeddable":true,"href":"https:\/\/kultursanatsen.org.tr\/portal\/wp-json\/wp\/v2\/comments?post=11051"}],"version-history":[{"count":1,"href":"https:\/\/kultursanatsen.org.tr\/portal\/wp-json\/wp\/v2\/posts\/11051\/revisions"}],"predecessor-version":[{"id":11926,"href":"https:\/\/kultursanatsen.org.tr\/portal\/wp-json\/wp\/v2\/posts\/11051\/revisions\/11926"}],"wp:featuredmedia":[{"embeddable":true,"href":"https:\/\/kultursanatsen.org.tr\/portal\/wp-json\/wp\/v2\/media\/11052"}],"wp:attachment":[{"href":"https:\/\/kultursanatsen.org.tr\/portal\/wp-json\/wp\/v2\/media?parent=11051"}],"wp:term":[{"taxonomy":"category","embeddable":true,"href":"https:\/\/kultursanatsen.org.tr\/portal\/wp-json\/wp\/v2\/categories?post=11051"},{"taxonomy":"post_tag","embeddable":true,"href":"https:\/\/kultursanatsen.org.tr\/portal\/wp-json\/wp\/v2\/tags?post=11051"}],"curies":[{"name":"wp","href":"https:\/\/api.w.org\/{rel}","templated":true}]}}