{"id":10913,"date":"2015-06-01T12:53:49","date_gmt":"2015-06-01T12:53:49","guid":{"rendered":""},"modified":"2020-11-15T22:35:17","modified_gmt":"2020-11-15T22:35:17","slug":"tehditlerebaskilara-kar-i-cumhuriyet-gazetesinin-ve-can-dundarin-yanindayiz","status":"publish","type":"post","link":"https:\/\/kultursanatsen.org.tr\/portal\/2015\/06\/01\/tehditlerebaskilara-kar-i-cumhuriyet-gazetesinin-ve-can-dundarin-yanindayiz\/","title":{"rendered":"TEHD\u0130TLERE,BASKILARA KAR\u015eI CUMHUR\u0130YET GAZETES\u0130N\u0130N ve CAN D\u00dcNDAR&#8217;IN YANINDAYIZ!"},"content":{"rendered":"<p class=\"rtejustify\" style=\"padding: 0px; margin: 0px 0px 10px; text-align: justify; font-size: 1.1em; line-height: 1.65em; font-family: 'Lucida Grande', 'Lucida Sans Unicode', helvetica, verdana, arial, sans-serif;\">KESK olarak AKP iktidar\u0131n\u0131n bas\u0131na y\u00f6nelik sald\u0131r\u0131lar\u0131n\u0131n a\u00e7\u0131k tehdit boyutuna ula\u015fmas\u0131n\u0131 kayg\u0131 ile izliyoruz.<\/p>\n<p class=\"rtejustify\" style=\"padding: 0px; margin: 0px 0px 10px; text-align: justify; font-size: 1.1em; line-height: 1.65em; font-family: 'Lucida Grande', 'Lucida Sans Unicode', helvetica, verdana, arial, sans-serif;\">Ger\u00e7eklerin ortaya \u00e7\u0131kmas\u0131nda b\u00fcy\u00fck rol\u00fc olan bas\u0131n yay\u0131n organlarn\u0131n, gazetecilerin hem AKP H\u00fck\u00fcmeti\u2019nin hem de her g\u00fcn bir anayasay\u0131 ihlal ederek \u00fclkeyi fiilen ba\u015fkan gibi y\u00f6neten Cumhurba\u015fkan\u0131 Erdo\u011fan\u2019\u0131n s\u0131k s\u0131k bask\u0131 ve tehditlerine maruz kald\u0131\u011f\u0131 bilinmektedir.<\/p>\n<p class=\"rtejustify\" style=\"padding: 0px; margin: 0px 0px 10px; text-align: justify; font-size: 1.1em; line-height: 1.65em; font-family: 'Lucida Grande', 'Lucida Sans Unicode', helvetica, verdana, arial, sans-serif;\"><strong style=\"padding: 0px; margin: 0px;\">Son olarak, Cumhuriyet Gazetesi\u2019nin Suriye\u2019ye g\u00f6nderilen TIR\u2019larda ila\u00e7 de\u011fil silah oldu\u011funu g\u00f6steren ve sadece T\u00fcrkiye\u2019de de\u011fil, d\u00fcnyada da geni\u015f yank\u0131 uyand\u0131ran g\u00f6r\u00fcnt\u00fcleri yay\u0131nlamas\u0131n\u0131n ard\u0131ndan, Cumhurba\u015fkan\u0131 Erdo\u011fan\u2019\u0131n, &#8220;Bu haberi yapan ki\u015fi bunun bedelini a\u011f\u0131r \u00f6deyecek \u00f6yle b\u0131rakmam onu&#8221; demesi hem bas\u0131n \u00f6zg\u00fcrl\u00fc\u011f\u00fc hem yarg\u0131 ba\u011f\u0131ms\u0131zl\u0131\u011f\u0131 a\u00e7\u0131s\u0131ndan kabul edilemez bir durumdur.<\/strong><\/p>\n<p class=\"rtejustify\" style=\"padding: 0px; margin: 0px 0px 10px; text-align: justify; font-size: 1.1em; line-height: 1.65em; font-family: 'Lucida Grande', 'Lucida Sans Unicode', helvetica, verdana, arial, sans-serif;\">AKP iktidar\u0131 ve Cumhurba\u015fkan\u0131 az ya da \u00e7ok demokrasi ile y\u00f6netildi\u011fi iddias\u0131 olan her \u00fclkede g\u00f6revde bulunan h\u00fck\u00fcmetin istifas\u0131 ile sonu\u00e7lanabilecek skandal kar\u015f\u0131s\u0131nda \u00e7areyi gazetecilik g\u00f6revini yapanlar\u0131 tehdit etmekte aramaktad\u0131r. \u0130nsan haklar\u0131na ayk\u0131r\u0131 olan bu tehdit, di\u011fer taraftan, a\u00e7\u0131k bir hedef g\u00f6stermedir. Bu kabul edilemez tehdit, \u00fclkeyi y\u00f6netenlerin halk\u0131n haber alma hakk\u0131n\u0131 yok sayd\u0131\u011f\u0131n\u0131, ger\u00e7ekleri ortaya \u00e7\u0131karmak d\u0131\u015f\u0131nda bir amac\u0131 olmayan bir gazete haberine bile tahamm\u00fcl edemedi\u011fini g\u00f6stermektedir.<\/p>\n<p class=\"rtejustify\" style=\"padding: 0px; margin: 0px 0px 10px; text-align: justify; font-size: 1.1em; line-height: 1.65em; font-family: 'Lucida Grande', 'Lucida Sans Unicode', helvetica, verdana, arial, sans-serif;\"><strong style=\"padding: 0px; margin: 0px;\">Bas\u0131n \u00f6zg\u00fcrl\u00fc\u011f\u00fc a\u00e7\u0131s\u0131ndan d\u00fcnyada durumu en k\u00f6t\u00fc olan \u00fclkelerin ba\u015f\u0131nda olan T\u00fcrkiye, \u00fclkeyi y\u00f6netenlerin kendi su\u00e7lar\u0131n\u0131 \u00f6rtme tela\u015f\u0131 y\u00fcz\u00fcnden kabul edilemez bir noktaya s\u00fcr\u00fcklenmektedir. Ge\u00e7mi\u015fte gazete binalar\u0131n\u0131 bombalayan, gazetecileri hapse atan zihniyet ile bug\u00fcn b\u00fct\u00fcn bas\u0131n kurumlar\u0131n\u0131 \u201cSaray bas\u0131n\u0131\u201d haline getirmeye \u00e7al\u0131\u015fan zihniyetin giderek ayn\u0131 noktada bulu\u015ftu\u011fu g\u00f6r\u00fclmektedir<\/strong><\/p>\n<p class=\"rtejustify\" style=\"padding: 0px; margin: 0px 0px 10px; text-align: justify; font-size: 1.1em; line-height: 1.65em; font-family: 'Lucida Grande', 'Lucida Sans Unicode', helvetica, verdana, arial, sans-serif;\"><strong style=\"padding: 0px; margin: 0px;\">Di\u011fer taraftan AKP iktidar\u0131n\u0131n ve Cumhurba\u015fkan\u0131n\u0131n tahamm\u00fcls\u00fczl\u00fc\u011f\u00fcn\u00fcn ve hukuk tan\u0131mazl\u0131\u011f\u0131n\u0131n kayna\u011f\u0131nda, \u2018herkesin bildi\u011fi bir s\u0131rr\u0131n\u2019 Cumhuriyet gazetesinin haberi sonucunda t\u00fcm a\u00e7\u0131kl\u0131\u011f\u0131yla ile if\u015fa edilmesi oldu\u011funu bilmeyen yoktur.<\/strong><\/p>\n<p class=\"rtejustify\" style=\"padding: 0px; margin: 0px 0px 10px; text-align: justify; font-size: 1.1em; line-height: 1.65em; font-family: 'Lucida Grande', 'Lucida Sans Unicode', helvetica, verdana, arial, sans-serif;\">En ba\u015f\u0131ndan beri M\u0130T TIR\u2019lar\u0131nda ila\u00e7 ve g\u0131da gibi yard\u0131m malzemesi ta\u015f\u0131nd\u0131\u011f\u0131n\u0131 iddia edenlerin Suriye ba\u015fta olmak \u00fczere Ortado\u011fu\u2019yu kana bulayan katil s\u00fcr\u00fcs\u00fc \u00e7etelere silah sevkiyat\u0131 yapt\u0131\u011f\u0131 Cumhuriyet\u2019in haberi ile aleni olarak ortaya \u00e7\u0131km\u0131\u015ft\u0131r. D\u00fcn \u2018TIR\u2019larda silah yok\u2019 diyenler, T\u00fcrkmenler taraf\u0131ndan yalanlanmas\u0131na ra\u011fmen bug\u00fcn \u2018Silahlar Bay\u0131rbucak T\u00fcrkmenlerine gidiyordu\u2019 yalanlar\u0131n\u0131n ard\u0131na saklanmaya \u00e7al\u0131\u015fmaktad\u0131r.<\/p>\n<p class=\"rtejustify\" style=\"padding: 0px; margin: 0px 0px 10px; text-align: justify; font-size: 1.1em; line-height: 1.65em; font-family: 'Lucida Grande', 'Lucida Sans Unicode', helvetica, verdana, arial, sans-serif;\"><strong style=\"padding: 0px; margin: 0px;\">AKP iktidar\u0131n\u0131n ger\u00e7e\u011fi perdelemeye y\u00f6nelik t\u00fcm bu \u00e7abalar\u0131 nafiledir. Cumhuriyet\u2019in haberi ile b\u00f6lgesel hegemon g\u00fc\u00e7 olma hayalleriyle etnik ve mezhep\u00e7i politikalar\u0131 hayata ge\u00e7iren AKP iktidar\u0131n\u0131n paramiliter g\u00fc\u00e7ler \u00fczerinden emperyalist projelerin ta\u015feronlu\u011funu yapt\u0131\u011f\u0131 bir kez daha teyit edilmi\u015ftir<\/strong>.<\/p>\n<p class=\"rtejustify\" style=\"padding: 0px; margin: 0px 0px 10px; text-align: justify; font-size: 1.1em; line-height: 1.65em; font-family: 'Lucida Grande', 'Lucida Sans Unicode', helvetica, verdana, arial, sans-serif;\"><strong style=\"padding: 0px; margin: 0px;\">T\u00fcm bunlara ra\u011fmen Cumhurba\u015fkan\u0131\u2019n\u0131n Cumhuriyet Gazetesi genel yay\u0131n y\u00f6netmeni Can D\u00fcndar\u2019\u0131 devlet televizyonundan a\u00e7\u0131k\u00e7a tehdit etmesinin ard\u0131ndan, muhalif bas\u0131na y\u00f6nelik operasyon yap\u0131laca\u011f\u0131 s\u00f6ylentilerinin artm\u0131\u015f olmas\u0131, \u00fclkenin i\u00e7inden \u00e7\u0131k\u0131lamaz bir kaosa s\u00fcr\u00fcklenmek istendi\u011fini g\u00f6stermektedir. Kendine demokrat, sahte \u00f6zg\u00fcrl\u00fck\u00e7\u00fc maskesi d\u00fc\u015fen AKP iktidar\u0131, bir an \u00f6nce bu yanl\u0131\u015ftan d\u00f6nmeli, bas\u0131na y\u00f6nelik bask\u0131lara son vermelidir.<\/strong><\/p>\n<p class=\"rtejustify\" style=\"padding: 0px; margin: 0px 0px 10px; text-align: justify; font-size: 1.1em; line-height: 1.65em; font-family: 'Lucida Grande', 'Lucida Sans Unicode', helvetica, verdana, arial, sans-serif;\">Cumhuriyet Gazetesi ve Can D\u00fcndar\u2019a y\u00f6nelik her tehdit, bizzat bas\u0131n \u00f6zg\u00fcrl\u00fc\u011f\u00fcne ve demokrasiye yap\u0131lm\u0131\u015f demektir. Bas\u0131n\u0131 \u00f6zg\u00fcr olmayan bir \u00fclkede, asgari d\u00fczeyde bile olsa, demokrasinin ya\u015fam bulmas\u0131, temel hak ve \u00f6zg\u00fcrl\u00fcklerin geli\u015fmesi m\u00fcmk\u00fcn de\u011fildir. \u00d6zg\u00fcrl\u00fckten, demokrasiden emekten ve e\u015fitlikten yana muhalif bas\u0131n yay\u0131n organlar\u0131n\u0131 hedef alan bask\u0131lar halk\u0131n haber alma hakk\u0131na vurulan bir darbedir.<\/p>\n<p class=\"rtejustify\" style=\"padding: 0px; margin: 0px 0px 10px; text-align: justify; font-size: 1.1em; line-height: 1.65em; font-family: 'Lucida Grande', 'Lucida Sans Unicode', helvetica, verdana, arial, sans-serif;\"><strong style=\"padding: 0px; margin: 0px;\">KESK olarak bas\u0131n \u00f6zg\u00fcrl\u00fc\u011f\u00fcne y\u00f6nelecek her t\u00fcrl\u00fc sald\u0131r\u0131n\u0131n, ge\u00e7mi\u015fte oldu\u011fu gibi, kar\u015f\u0131s\u0131nda olaca\u011f\u0131m\u0131z\u0131 hat\u0131rlat\u0131yor, her ko\u015fulda \u00f6zg\u00fcr bas\u0131n\u0131n, halklar\u0131n karde\u015fli\u011finin ve bar\u0131\u015f\u0131n yan\u0131nda olmaya devam edece\u011fimizi kamuoyuna bir kez daha ilan ediyoruz.\u00a0<\/strong><\/p>\n<p class=\"rtejustify\" style=\"padding: 0px; margin: 0px 0px 10px; text-align: justify; font-size: 1.1em; line-height: 1.65em; font-family: 'Lucida Grande', 'Lucida Sans Unicode', helvetica, verdana, arial, sans-serif;\"><strong style=\"padding: 0px; margin: 0px;\">\u00a0 \u00a0 \u00a0 \u00a0 \u00a0 \u00a0 \u00a0 \u00a0 \u00a0 \u00a0 \u00a0 \u00a0 \u00a0 \u00a0 \u00a0 \u00a0 \u00a0 \u00a0 \u00a0 \u00a0 \u00a0 \u00a0 \u00a0 \u00a0 \u00a0 \u00a0 \u00a0 \u00a0 \u00a0 \u00a0 \u00a0 \u00a0 \u00a0 \u00a0 \u00a0 \u00a0 \u00a0 \u00a0Y\u00fcr\u00fctme Kurulu<\/strong><\/p>\n","protected":false},"excerpt":{"rendered":"<p>KESK olarak AKP iktidar\u0131n\u0131n bas\u0131na y\u00f6nelik sald\u0131r\u0131lar\u0131n\u0131n a\u00e7\u0131k tehdit boyutuna ula\u015fmas\u0131n\u0131 kayg\u0131 ile izliyoruz. Ger\u00e7eklerin ortaya \u00e7\u0131kmas\u0131nda b\u00fcy\u00fck rol\u00fc olan bas\u0131n yay\u0131n organlarn\u0131n, gazetecilerin hem AKP H\u00fck\u00fcmeti\u2019nin hem de her g\u00fcn bir anayasay\u0131 ihlal ederek \u00fclkeyi fiilen ba\u015fkan gibi y\u00f6neten Cumhurba\u015fkan\u0131 Erdo\u011fan\u2019\u0131n s\u0131k s\u0131k bask\u0131 ve tehditlerine maruz kald\u0131\u011f\u0131 bilinmektedir. Son olarak, Cumhuriyet Gazetesi\u2019nin Suriye\u2019ye [&hellip;]<\/p>\n","protected":false},"author":1,"featured_media":10914,"comment_status":"open","ping_status":"open","sticky":true,"template":"","format":"standard","meta":[],"categories":[615],"tags":[],"_links":{"self":[{"href":"https:\/\/kultursanatsen.org.tr\/portal\/wp-json\/wp\/v2\/posts\/10913"}],"collection":[{"href":"https:\/\/kultursanatsen.org.tr\/portal\/wp-json\/wp\/v2\/posts"}],"about":[{"href":"https:\/\/kultursanatsen.org.tr\/portal\/wp-json\/wp\/v2\/types\/post"}],"author":[{"embeddable":true,"href":"https:\/\/kultursanatsen.org.tr\/portal\/wp-json\/wp\/v2\/users\/1"}],"replies":[{"embeddable":true,"href":"https:\/\/kultursanatsen.org.tr\/portal\/wp-json\/wp\/v2\/comments?post=10913"}],"version-history":[{"count":1,"href":"https:\/\/kultursanatsen.org.tr\/portal\/wp-json\/wp\/v2\/posts\/10913\/revisions"}],"predecessor-version":[{"id":12178,"href":"https:\/\/kultursanatsen.org.tr\/portal\/wp-json\/wp\/v2\/posts\/10913\/revisions\/12178"}],"wp:featuredmedia":[{"embeddable":true,"href":"https:\/\/kultursanatsen.org.tr\/portal\/wp-json\/wp\/v2\/media\/10914"}],"wp:attachment":[{"href":"https:\/\/kultursanatsen.org.tr\/portal\/wp-json\/wp\/v2\/media?parent=10913"}],"wp:term":[{"taxonomy":"category","embeddable":true,"href":"https:\/\/kultursanatsen.org.tr\/portal\/wp-json\/wp\/v2\/categories?post=10913"},{"taxonomy":"post_tag","embeddable":true,"href":"https:\/\/kultursanatsen.org.tr\/portal\/wp-json\/wp\/v2\/tags?post=10913"}],"curies":[{"name":"wp","href":"https:\/\/api.w.org\/{rel}","templated":true}]}}