{"id":10890,"date":"2015-05-05T11:10:04","date_gmt":"2015-05-05T11:10:04","guid":{"rendered":""},"modified":"2020-11-15T22:36:49","modified_gmt":"2020-11-15T22:36:49","slug":"genel-ba-kanimiz-halk-tvde","status":"publish","type":"post","link":"https:\/\/kultursanatsen.org.tr\/portal\/2015\/05\/05\/genel-ba-kanimiz-halk-tvde\/","title":{"rendered":"GENEL BA\u015eKANIMIZ HALK TV&#8217;DE"},"content":{"rendered":"<p><span style=\"color: #666666; font-family: DroidSansRegular; font-size: 13px; line-height: 20px;\">Sendikam\u0131z Genel Ba\u015fkan\u0131 Yavuz DEM\u0130RKAYA; Toplu S\u00f6zle\u015fme konusunda sorular\u0131 yan\u0131tlamak \u00fczere 07.05.2015 tarihinde saat \u00a009:00&#8217;da HALK TVde canl\u0131 yay\u0131nlanan &#8220;G\u00dcNE BA\u015eLARKEN&#8221; adl\u0131 program\u0131n konu\u011fu olacakt\u0131r.\u00a0<\/span><\/p>\n","protected":false},"excerpt":{"rendered":"<p>Sendikam\u0131z Genel Ba\u015fkan\u0131 Yavuz DEM\u0130RKAYA; Toplu S\u00f6zle\u015fme konusunda sorular\u0131 yan\u0131tlamak \u00fczere 07.05.2015 tarihinde saat \u00a009:00&#8217;da HALK TVde canl\u0131 yay\u0131nlanan &#8220;G\u00dcNE BA\u015eLARKEN&#8221; adl\u0131 program\u0131n konu\u011fu olacakt\u0131r.\u00a0<\/p>\n","protected":false},"author":1,"featured_media":10891,"comment_status":"open","ping_status":"open","sticky":true,"template":"","format":"standard","meta":[],"categories":[613,612],"tags":[],"_links":{"self":[{"href":"https:\/\/kultursanatsen.org.tr\/portal\/wp-json\/wp\/v2\/posts\/10890"}],"collection":[{"href":"https:\/\/kultursanatsen.org.tr\/portal\/wp-json\/wp\/v2\/posts"}],"about":[{"href":"https:\/\/kultursanatsen.org.tr\/portal\/wp-json\/wp\/v2\/types\/post"}],"author":[{"embeddable":true,"href":"https:\/\/kultursanatsen.org.tr\/portal\/wp-json\/wp\/v2\/users\/1"}],"replies":[{"embeddable":true,"href":"https:\/\/kultursanatsen.org.tr\/portal\/wp-json\/wp\/v2\/comments?post=10890"}],"version-history":[{"count":1,"href":"https:\/\/kultursanatsen.org.tr\/portal\/wp-json\/wp\/v2\/posts\/10890\/revisions"}],"predecessor-version":[{"id":12373,"href":"https:\/\/kultursanatsen.org.tr\/portal\/wp-json\/wp\/v2\/posts\/10890\/revisions\/12373"}],"wp:featuredmedia":[{"embeddable":true,"href":"https:\/\/kultursanatsen.org.tr\/portal\/wp-json\/wp\/v2\/media\/10891"}],"wp:attachment":[{"href":"https:\/\/kultursanatsen.org.tr\/portal\/wp-json\/wp\/v2\/media?parent=10890"}],"wp:term":[{"taxonomy":"category","embeddable":true,"href":"https:\/\/kultursanatsen.org.tr\/portal\/wp-json\/wp\/v2\/categories?post=10890"},{"taxonomy":"post_tag","embeddable":true,"href":"https:\/\/kultursanatsen.org.tr\/portal\/wp-json\/wp\/v2\/tags?post=10890"}],"curies":[{"name":"wp","href":"https:\/\/api.w.org\/{rel}","templated":true}]}}