{"id":10889,"date":"2015-04-30T21:23:22","date_gmt":"2015-04-30T21:23:22","guid":{"rendered":""},"modified":"2020-11-14T22:06:10","modified_gmt":"2020-11-14T22:06:10","slug":"aci-kaybimiz-d50","status":"publish","type":"post","link":"https:\/\/kultursanatsen.org.tr\/portal\/2015\/04\/30\/aci-kaybimiz-d50\/","title":{"rendered":"ACI KAYBIMIZ&#8230;"},"content":{"rendered":"<p><strong>Ankara Klasik T\u00fcrk M\u00fczi\u011fi sanat\u00e7\u0131s\u0131 \u00fcyemiz Selver TEKY\u0130\u011e\u0130T&#8217;in annesi vefat etmi\u015ftir. Cenazesi yar\u0131n (1 May\u0131s) \u00a0Mersinden topra\u011fa verilecektir. Ailesi , yak\u0131nlar\u0131 ve sevenlerine ba\u015fsa\u011fl\u0131\u011f\u0131 dileriz. \u00a0<\/strong><\/p>\n","protected":false},"excerpt":{"rendered":"<p>Ankara Klasik T\u00fcrk M\u00fczi\u011fi sanat\u00e7\u0131s\u0131 \u00fcyemiz Selver TEKY\u0130\u011e\u0130T&#8217;in annesi vefat etmi\u015ftir. Cenazesi yar\u0131n (1 May\u0131s) \u00a0Mersinden topra\u011fa verilecektir. Ailesi , yak\u0131nlar\u0131 ve sevenlerine ba\u015fsa\u011fl\u0131\u011f\u0131 dileriz. \u00a0<\/p>\n","protected":false},"author":1,"featured_media":0,"comment_status":"open","ping_status":"open","sticky":false,"template":"","format":"standard","meta":[],"categories":[26,612],"tags":[],"_links":{"self":[{"href":"https:\/\/kultursanatsen.org.tr\/portal\/wp-json\/wp\/v2\/posts\/10889"}],"collection":[{"href":"https:\/\/kultursanatsen.org.tr\/portal\/wp-json\/wp\/v2\/posts"}],"about":[{"href":"https:\/\/kultursanatsen.org.tr\/portal\/wp-json\/wp\/v2\/types\/post"}],"author":[{"embeddable":true,"href":"https:\/\/kultursanatsen.org.tr\/portal\/wp-json\/wp\/v2\/users\/1"}],"replies":[{"embeddable":true,"href":"https:\/\/kultursanatsen.org.tr\/portal\/wp-json\/wp\/v2\/comments?post=10889"}],"version-history":[{"count":1,"href":"https:\/\/kultursanatsen.org.tr\/portal\/wp-json\/wp\/v2\/posts\/10889\/revisions"}],"predecessor-version":[{"id":11942,"href":"https:\/\/kultursanatsen.org.tr\/portal\/wp-json\/wp\/v2\/posts\/10889\/revisions\/11942"}],"wp:attachment":[{"href":"https:\/\/kultursanatsen.org.tr\/portal\/wp-json\/wp\/v2\/media?parent=10889"}],"wp:term":[{"taxonomy":"category","embeddable":true,"href":"https:\/\/kultursanatsen.org.tr\/portal\/wp-json\/wp\/v2\/categories?post=10889"},{"taxonomy":"post_tag","embeddable":true,"href":"https:\/\/kultursanatsen.org.tr\/portal\/wp-json\/wp\/v2\/tags?post=10889"}],"curies":[{"name":"wp","href":"https:\/\/api.w.org\/{rel}","templated":true}]}}