{"id":10816,"date":"2015-02-02T11:53:40","date_gmt":"2015-02-02T11:53:40","guid":{"rendered":""},"modified":"2020-11-15T22:36:50","modified_gmt":"2020-11-15T22:36:50","slug":"metal-grevinin-yasaklanmas-n-k-n-yoruz","status":"publish","type":"post","link":"https:\/\/kultursanatsen.org.tr\/portal\/2015\/02\/02\/metal-grevinin-yasaklanmas-n-k-n-yoruz\/","title":{"rendered":"Metal Grevinin Yasaklanmas\u0131n\u0131 K\u0131n\u0131yoruz!"},"content":{"rendered":"<p class=\"rtejustify\" style=\"padding: 0px; margin: 0px 0px 10px; text-align: justify; font-size: 1.1em; line-height: 1.65em; font-family: 'Lucida Grande', 'Lucida Sans Unicode', helvetica, verdana, arial, sans-serif;\">Bakanlar Kurulu 15 bin metal i\u015f\u00e7isinin d\u00fcn ba\u015flatt\u0131\u011f\u0131 grevi yasaklad\u0131. Daha \u00f6nce havac\u0131l\u0131k ve cam i\u015f\u00e7ilerinin grevlerini yasaklayan kararlardan sonra metal i\u015f\u00e7ilerinin grevinin yasakland\u0131\u011f\u0131 bu karar AKP H\u00fck\u00fcmeti\u2019nin emek\u00e7ilere olan d\u00fc\u015fmanl\u0131\u011f\u0131n\u0131n sistematik hale geldi\u011fini bir kez daha g\u00f6stermi\u015ftir.<\/p>\n<p class=\"rtejustify\" style=\"padding: 0px; margin: 0px 0px 10px; text-align: justify; font-size: 1.1em; line-height: 1.65em; font-family: 'Lucida Grande', 'Lucida Sans Unicode', helvetica, verdana, arial, sans-serif;\">Bakanlar Kurulu\u2019nun grevin ba\u015flad\u0131\u011f\u0131 g\u00fcn ald\u0131\u011f\u0131 karardaki \u201cBirle\u015fik Metal \u0130\u015f\u00e7ileri Sendikas\u0131 taraf\u0131ndan uygulanmakta olan grevin mill\u00ee g\u00fcvenli\u011fi bozucu nitelikte oldu\u011fu g\u00f6r\u00fcld\u00fc\u011f\u00fcnden\u2019 ifadesi bile ba\u015fl\u0131 ba\u015f\u0131na skandal niteli\u011findedir.<\/p>\n<p class=\"rtejustify\" style=\"padding: 0px; margin: 0px 0px 10px; text-align: justify; font-size: 1.1em; line-height: 1.65em; font-family: 'Lucida Grande', 'Lucida Sans Unicode', helvetica, verdana, arial, sans-serif;\">Sendikalar ve Toplu \u0130\u015f S\u00f6zle\u015fmesi Kanunu\u2019nun \u201cGrev ve lokavt\u0131n ertelenmesi\u201d ba\u015fl\u0131kl\u0131 63. maddesine dayand\u0131r\u0131lan erteleme karar\u0131 fiilen yasaklama anlam\u0131na gelmektedir.<\/p>\n<p class=\"rtejustify\" style=\"padding: 0px; margin: 0px 0px 10px; text-align: justify; font-size: 1.1em; line-height: 1.65em; font-family: 'Lucida Grande', 'Lucida Sans Unicode', helvetica, verdana, arial, sans-serif;\">Emek\u00e7ilerin bir talebi s\u00f6z konusu oldu\u011funda hemen gerici yasalar\u0131 dayanak alan AKP\u2019nin bu karar\u0131 h\u00fck\u00fcmetin hakk\u0131n\u0131 arayan\u0131 de\u011fil verilene raz\u0131 olan\u0131 ba\u015f tac\u0131 eden emek aleyhtar\u0131 niteli\u011fini bir kez daha g\u00f6zler \u00f6n\u00fcne sermi\u015ftir.<\/p>\n<p class=\"rtejustify\" style=\"padding: 0px; margin: 0px 0px 10px; text-align: justify; font-size: 1.1em; line-height: 1.65em; font-family: 'Lucida Grande', 'Lucida Sans Unicode', helvetica, verdana, arial, sans-serif;\">Bu keyfi karar yasalardaki grevlerle ilgili h\u00fck\u00fcmlerin b\u00fct\u00fcn\u00fcyle de\u011fi\u015fmesi gerekti\u011fini de g\u00f6stermektedir. Bakanlar Kurulu\u2019nun elinde b\u00f6ylesi yetkilerin bulunmas\u0131, T\u00fcrkiye\u2019nin demokratikle\u015fmesinin \u00f6n\u00fcndeki en \u00f6nemli engellerin ba\u015f\u0131nda gelmektedir.\u00a0<\/p>\n<p class=\"rtejustify\" style=\"padding: 0px; margin: 0px 0px 10px; text-align: justify; font-size: 1.1em; line-height: 1.65em; font-family: 'Lucida Grande', 'Lucida Sans Unicode', helvetica, verdana, arial, sans-serif;\"><strong style=\"padding: 0px; margin: 0px;\">KESK olarak metal i\u015f\u00e7ilerine y\u00f6nelmi\u015f bu keyfili\u011fin, anti demokratik uygulaman\u0131n b\u00fct\u00fcn emek\u00e7ileri ilgilendirdi\u011finin bilincindeyiz. Bu karar, AKP\u2019nin demokrasi anlay\u0131\u015f\u0131n\u0131n da s\u0131n\u0131rlar\u0131n\u0131n g\u00f6stermesi bak\u0131m\u0131ndan \u00f6nemlidir.<\/strong><\/p>\n<p class=\"rtejustify\" style=\"padding: 0px; margin: 0px 0px 10px; text-align: justify; font-size: 1.1em; line-height: 1.65em; font-family: 'Lucida Grande', 'Lucida Sans Unicode', helvetica, verdana, arial, sans-serif;\"><strong style=\"padding: 0px; margin: 0px;\">Anayasal bir hakk\u0131n kullan\u0131lmas\u0131n\u0131n b\u00f6ylesine pervas\u0131zca engellenmesine kar\u015f\u0131 Birle\u015fik Metal-\u0130\u015f Sendikas\u0131\u2019n\u0131n ve metal i\u015f\u00e7ilerinin yan\u0131nda olaca\u011f\u0131m\u0131z\u0131 duyuruyoruz. AKP h\u00fck\u00fcmetini hemen her alanda kendisini g\u00f6steren yasak\u00e7\u0131 ve bask\u0131c\u0131 anlay\u0131\u015f\u0131ndan vazge\u00e7meye, i\u015f\u00e7ilerin-emek\u00e7ilerin en temel haklar\u0131na y\u00f6nelik sald\u0131r\u0131lar\u0131na derhal son vermeye davet ediyoruz.<\/strong><\/p>\n","protected":false},"excerpt":{"rendered":"<p>Bakanlar Kurulu 15 bin metal i\u015f\u00e7isinin d\u00fcn ba\u015flatt\u0131\u011f\u0131 grevi yasaklad\u0131. Daha \u00f6nce havac\u0131l\u0131k ve cam i\u015f\u00e7ilerinin grevlerini yasaklayan kararlardan sonra metal i\u015f\u00e7ilerinin grevinin yasakland\u0131\u011f\u0131 bu karar AKP H\u00fck\u00fcmeti\u2019nin emek\u00e7ilere olan d\u00fc\u015fmanl\u0131\u011f\u0131n\u0131n sistematik hale geldi\u011fini bir kez daha g\u00f6stermi\u015ftir. Bakanlar Kurulu\u2019nun grevin ba\u015flad\u0131\u011f\u0131 g\u00fcn ald\u0131\u011f\u0131 karardaki \u201cBirle\u015fik Metal \u0130\u015f\u00e7ileri Sendikas\u0131 taraf\u0131ndan uygulanmakta olan grevin mill\u00ee g\u00fcvenli\u011fi [&hellip;]<\/p>\n","protected":false},"author":1,"featured_media":10817,"comment_status":"open","ping_status":"open","sticky":true,"template":"","format":"standard","meta":[],"categories":[613,612],"tags":[],"_links":{"self":[{"href":"https:\/\/kultursanatsen.org.tr\/portal\/wp-json\/wp\/v2\/posts\/10816"}],"collection":[{"href":"https:\/\/kultursanatsen.org.tr\/portal\/wp-json\/wp\/v2\/posts"}],"about":[{"href":"https:\/\/kultursanatsen.org.tr\/portal\/wp-json\/wp\/v2\/types\/post"}],"author":[{"embeddable":true,"href":"https:\/\/kultursanatsen.org.tr\/portal\/wp-json\/wp\/v2\/users\/1"}],"replies":[{"embeddable":true,"href":"https:\/\/kultursanatsen.org.tr\/portal\/wp-json\/wp\/v2\/comments?post=10816"}],"version-history":[{"count":1,"href":"https:\/\/kultursanatsen.org.tr\/portal\/wp-json\/wp\/v2\/posts\/10816\/revisions"}],"predecessor-version":[{"id":12392,"href":"https:\/\/kultursanatsen.org.tr\/portal\/wp-json\/wp\/v2\/posts\/10816\/revisions\/12392"}],"wp:featuredmedia":[{"embeddable":true,"href":"https:\/\/kultursanatsen.org.tr\/portal\/wp-json\/wp\/v2\/media\/10817"}],"wp:attachment":[{"href":"https:\/\/kultursanatsen.org.tr\/portal\/wp-json\/wp\/v2\/media?parent=10816"}],"wp:term":[{"taxonomy":"category","embeddable":true,"href":"https:\/\/kultursanatsen.org.tr\/portal\/wp-json\/wp\/v2\/categories?post=10816"},{"taxonomy":"post_tag","embeddable":true,"href":"https:\/\/kultursanatsen.org.tr\/portal\/wp-json\/wp\/v2\/tags?post=10816"}],"curies":[{"name":"wp","href":"https:\/\/api.w.org\/{rel}","templated":true}]}}