{"id":10751,"date":"2014-11-30T08:51:24","date_gmt":"2014-11-30T08:51:24","guid":{"rendered":""},"modified":"2016-06-27T10:20:29","modified_gmt":"2016-06-27T10:20:29","slug":"gelece-imize-sahip-cikmak-icin-kultur-sanat-sen-de-orgutlenelim","status":"publish","type":"post","link":"https:\/\/kultursanatsen.org.tr\/portal\/2014\/11\/30\/gelece-imize-sahip-cikmak-icin-kultur-sanat-sen-de-orgutlenelim\/","title":{"rendered":"GELECE\u011e\u0130M\u0130ZE SAH\u0130P \u00c7IKMAK \u0130\u00c7\u0130N K\u00dcLT\u00dcR SANAT SEN&#8217;DE \u00d6RG\u00dcTLENEL\u0130M"},"content":{"rendered":"<p>GELECE\u011e\u0130M\u0130ZE SAH\u0130P \u00c7IKMAK \u0130\u00c7\u0130N K\u00dcLT\u00dcR SANAT SEN&#8217;DE \u00d6RG\u00dcTLENEL\u0130M<\/p>\n","protected":false},"excerpt":{"rendered":"<p>GELECE\u011e\u0130M\u0130ZE SAH\u0130P \u00c7IKMAK \u0130\u00c7\u0130N K\u00dcLT\u00dcR SANAT SEN&#8217;DE \u00d6RG\u00dcTLENEL\u0130M<\/p>\n","protected":false},"author":0,"featured_media":10752,"comment_status":"open","ping_status":"open","sticky":false,"template":"","format":"standard","meta":[],"categories":[601],"tags":[],"_links":{"self":[{"href":"https:\/\/kultursanatsen.org.tr\/portal\/wp-json\/wp\/v2\/posts\/10751"}],"collection":[{"href":"https:\/\/kultursanatsen.org.tr\/portal\/wp-json\/wp\/v2\/posts"}],"about":[{"href":"https:\/\/kultursanatsen.org.tr\/portal\/wp-json\/wp\/v2\/types\/post"}],"replies":[{"embeddable":true,"href":"https:\/\/kultursanatsen.org.tr\/portal\/wp-json\/wp\/v2\/comments?post=10751"}],"version-history":[{"count":0,"href":"https:\/\/kultursanatsen.org.tr\/portal\/wp-json\/wp\/v2\/posts\/10751\/revisions"}],"wp:featuredmedia":[{"embeddable":true,"href":"https:\/\/kultursanatsen.org.tr\/portal\/wp-json\/wp\/v2\/media\/10752"}],"wp:attachment":[{"href":"https:\/\/kultursanatsen.org.tr\/portal\/wp-json\/wp\/v2\/media?parent=10751"}],"wp:term":[{"taxonomy":"category","embeddable":true,"href":"https:\/\/kultursanatsen.org.tr\/portal\/wp-json\/wp\/v2\/categories?post=10751"},{"taxonomy":"post_tag","embeddable":true,"href":"https:\/\/kultursanatsen.org.tr\/portal\/wp-json\/wp\/v2\/tags?post=10751"}],"curies":[{"name":"wp","href":"https:\/\/api.w.org\/{rel}","templated":true}]}}