{"id":10703,"date":"2014-09-16T11:14:13","date_gmt":"2014-09-16T11:14:13","guid":{"rendered":""},"modified":"2020-11-15T22:36:52","modified_gmt":"2020-11-15T22:36:52","slug":"2014-yili-butce-kanununda-kayiplarimizin-giderilmesini-istiyoruz-d18","status":"publish","type":"post","link":"https:\/\/kultursanatsen.org.tr\/portal\/2014\/09\/16\/2014-yili-butce-kanununda-kayiplarimizin-giderilmesini-istiyoruz-d18\/","title":{"rendered":"2015 YILI B\u00dcT\u00c7E KANUNUNDA KAYIPLARIMIZIN G\u0130DER\u0130LMES\u0130N\u0130 \u0130ST\u0130YORUZ.."},"content":{"rendered":"<p>2014 ENFLASYON FARKININ KAMU EMEK\u00c7\u0130LER\u0130NE \u201cEK ZAM\u201d OLARAK \u00d6DENMES\u0130N\u0130,<br \/>EKONOM\u0130K MA\u011eDUR\u0130YETLER\u0130M\u0130Z\u0130N KAR\u015eILANMASINI \u0130ST\u0130YORUZ!<\/p>\n<p>H\u00fck\u00fcmet ile Memur-Sen aras\u0131nda ge\u00e7en y\u0131l imzalanan toplu i\u015f s\u00f6zle\u015fmesi ile 1 Ocak 2014\u2019te kamu emek\u00e7ilerine \u00f6denen ve ortalama y\u00fczde 6\u2019ya denk gelen net 125 liral\u0131k maa\u015f zamm\u0131, daha y\u0131l\u0131n ilk yar\u0131s\u0131nda a\u00e7\u0131klanan enflasyon rakamlar\u0131n\u0131n alt\u0131nda kalm\u0131\u015f, 2 milyonu a\u015fk\u0131n kamu emek\u00e7isi ma\u011fdur edilmi\u015ftir. <br \/>Bug\u00fcne kadar her y\u0131l enflasyon fark\u0131 kadar \u201cek zam\u201d alan kamu emek\u00e7ileri, Memur Sen\u2019in 2014 y\u0131l\u0131 i\u00e7in enflasyon fark\u0131 talep etmemesi nedeniyle, tarihte ilk kez hak etti\u011fi enflasyon fark\u0131 alamam\u0131\u015ft\u0131r. Y\u00fcksek enflasyon nedeniyle y\u0131l\u0131n ikinci yar\u0131s\u0131nda kamu emek\u00e7ilerinin sat\u0131n alma g\u00fcc\u00fc belirgin bir \u015fekilde azalmaya ba\u015flam\u0131\u015f, artan oranl\u0131 vergi dilimi uygulamas\u0131yla birlikte kamu emek\u00e7ilerinin 2014 y\u0131l\u0131 gelirlerinin ortalama y\u00fczde 6\u2019s\u0131 kadar ekonomik kay\u0131p ya\u015famas\u0131 ka\u00e7\u0131n\u0131lmaz hale gelmi\u015ftir. <br \/>Kamu emek\u00e7ileri, H\u00fck\u00fcmet ve Memur Sen aras\u0131nda imzalanan ve \u015fimdiden tarihin en k\u00f6t\u00fc toplus\u00f6zle\u015fmesi haline gelen \u201cihanet s\u00f6zle\u015fmesini\u201d asla unutmayacakt\u0131r. Kamu emek\u00e7ilerinin ya\u015fad\u0131\u011f\u0131 ma\u011fduriyetin ve ekonomik kay\u0131plar\u0131n kar\u015f\u0131lanmas\u0131 i\u00e7in;<\/p>\n<p>\u2022 T\u00fcm kamu emek\u00e7ilerine 2014 enflasyon fark\u0131 kadar \u201cek zam\u201d \u00f6denmesini, enflasyon fark\u0131ndan kaynaklanan \u201cek zam\u201d oran\u0131n\u0131n 2015 b\u00fct\u00e7esi i\u00e7inde yer almas\u0131n\u0131, <br \/>\u2022 Ba\u015fta insanca ya\u015fayacak \u00fccret talebimiz olmak \u00fczere, kamu emek\u00e7ilerinin bug\u00fcne kadar ya\u015fad\u0131\u011f\u0131 b\u00fct\u00fcn ekonomik ma\u011fduriyet giderilmesini, son 12 y\u0131l i\u00e7inde sat\u0131n al\u0131m g\u00fcc\u00fcm\u00fczdeki azalmay\u0131 telafi eden adaletli bir \u00fccret art\u0131\u015f\u0131 sa\u011flanmas\u0131n\u0131, <br \/>\u2022 Ek \u00f6demelerin tamam\u0131 temel \u00fccrete ve emeklili\u011fe yans\u0131t\u0131lmas\u0131, vergi dilimi uygulamas\u0131n\u0131n sabitlenerek, \u00fccretlerde ya\u015fanan erimenin \u00f6n\u00fcne ge\u00e7ilmesini, <br \/>\u2022 Kamu emek\u00e7ilerinin grevli toplus\u00f6zle\u015fme hakk\u0131 \u00f6n\u00fcndeki yasal ve fiili engellerin kald\u0131r\u0131lmas\u0131n\u0131 ve \u00f6zg\u00fcr bir toplus\u00f6zle\u015fme d\u00fczenin yarat\u0131lmas\u0131n\u0131 TALEP ED\u0130YORUZ!&#8230;<\/p>\n","protected":false},"excerpt":{"rendered":"<p>2014 ENFLASYON FARKININ KAMU EMEK\u00c7\u0130LER\u0130NE \u201cEK ZAM\u201d OLARAK \u00d6DENMES\u0130N\u0130,EKONOM\u0130K MA\u011eDUR\u0130YETLER\u0130M\u0130Z\u0130N KAR\u015eILANMASINI \u0130ST\u0130YORUZ! H\u00fck\u00fcmet ile Memur-Sen aras\u0131nda ge\u00e7en y\u0131l imzalanan toplu i\u015f s\u00f6zle\u015fmesi ile 1 Ocak 2014\u2019te kamu emek\u00e7ilerine \u00f6denen ve ortalama y\u00fczde 6\u2019ya denk gelen net 125 liral\u0131k maa\u015f zamm\u0131, daha y\u0131l\u0131n ilk yar\u0131s\u0131nda a\u00e7\u0131klanan enflasyon rakamlar\u0131n\u0131n alt\u0131nda kalm\u0131\u015f, 2 milyonu a\u015fk\u0131n kamu emek\u00e7isi ma\u011fdur [&hellip;]<\/p>\n","protected":false},"author":1,"featured_media":0,"comment_status":"open","ping_status":"open","sticky":true,"template":"","format":"standard","meta":[],"categories":[613,612],"tags":[],"_links":{"self":[{"href":"https:\/\/kultursanatsen.org.tr\/portal\/wp-json\/wp\/v2\/posts\/10703"}],"collection":[{"href":"https:\/\/kultursanatsen.org.tr\/portal\/wp-json\/wp\/v2\/posts"}],"about":[{"href":"https:\/\/kultursanatsen.org.tr\/portal\/wp-json\/wp\/v2\/types\/post"}],"author":[{"embeddable":true,"href":"https:\/\/kultursanatsen.org.tr\/portal\/wp-json\/wp\/v2\/users\/1"}],"replies":[{"embeddable":true,"href":"https:\/\/kultursanatsen.org.tr\/portal\/wp-json\/wp\/v2\/comments?post=10703"}],"version-history":[{"count":1,"href":"https:\/\/kultursanatsen.org.tr\/portal\/wp-json\/wp\/v2\/posts\/10703\/revisions"}],"predecessor-version":[{"id":12416,"href":"https:\/\/kultursanatsen.org.tr\/portal\/wp-json\/wp\/v2\/posts\/10703\/revisions\/12416"}],"wp:attachment":[{"href":"https:\/\/kultursanatsen.org.tr\/portal\/wp-json\/wp\/v2\/media?parent=10703"}],"wp:term":[{"taxonomy":"category","embeddable":true,"href":"https:\/\/kultursanatsen.org.tr\/portal\/wp-json\/wp\/v2\/categories?post=10703"},{"taxonomy":"post_tag","embeddable":true,"href":"https:\/\/kultursanatsen.org.tr\/portal\/wp-json\/wp\/v2\/tags?post=10703"}],"curies":[{"name":"wp","href":"https:\/\/api.w.org\/{rel}","templated":true}]}}