{"id":10700,"date":"2014-09-10T15:08:57","date_gmt":"2014-09-10T15:08:57","guid":{"rendered":""},"modified":"2014-09-10T15:13:53","modified_gmt":"2014-09-10T15:13:53","slug":"yurutmeyi-durdurma-talepli-dava-d96","status":"publish","type":"post","link":"https:\/\/kultursanatsen.org.tr\/portal\/2014\/09\/10\/yurutmeyi-durdurma-talepli-dava-d96\/","title":{"rendered":"G\u00d6REVDE Y\u00dcKSELME VE UNVAN DE\u011e\u0130\u015e\u0130KL\u0130\u011e\u0130 Y\u00d6NETMEL\u0130\u011e\u0130N\u0130N BAZI MADDELER\u0130N\u0130N \u0130PTAL\u0130NE \u0130L\u0130\u015eK\u0130N \u2018Y\u00dcR\u00dcTMEY\u0130 DURDURMA\u2019 TALEB\u0130YLE DAVA A\u00c7ILMI\u015eTIR&#8230;"},"content":{"rendered":"<p>K\u00dcLT\u00dcR VE TUR\u0130ZM BAKANLI\u011eI PERSONEL\u0130 G\u00d6REVDE Y\u00dcKSELME VE UNVAN DE\u011e\u0130\u015e\u0130KL\u0130\u011e\u0130 Y\u00d6NETMEL\u0130\u011e\u0130N\u0130N BAZI MADDELER\u0130N\u0130N \u0130PTAL\u0130NE \u0130L\u0130\u015eK\u0130N \u2018Y\u00dcR\u00dcTMEY\u0130 DURDURMA\u2019 TALEB\u0130YLE DAVA A\u00c7ILMI\u015eTIR<br \/>03.06.2014 tarih ve 29019 say\u0131l\u0131 Resmi Gazetede yay\u0131nlanarak y\u00fcr\u00fcd\u00fc\u011fe girmi\u015f olan K\u00fclt\u00fcr ve Turizm Bakanl\u0131\u011f\u0131 Personeli G\u00f6revde Y\u00fckselme ve Unvan De\u011fi\u015fikli\u011fi Y\u00f6netmeli\u011finin baz\u0131 maddelerinin iptaline ili\u015fkin \u2018Y\u00dcR\u00dcTMEY\u0130 DURDURMA\u2019 talebiyle dava a\u00e7\u0131lm\u0131\u015ft\u0131r<br \/>Y\u00f6netmeli\u011fin 5. Maddesinin C bendinde ara\u015ft\u0131rma ve e\u011fitim hizmetleri gurubunun d\u00fczenlemi\u015ftir. Bu grupta \u2018TUR\u0130ZM ARA\u015eTIRMACISI\u2019 unvan\u0131n\u0131n yer almamasal\u0131ndan kaynakl\u0131 ilgili maddenin iptali istenmi\u015ftir. <br \/>Y\u00f6netmeli\u011fin 6,13 ve 16. Maddelerinde \u015e\u00dcBE M\u00dcD\u00dcR\u00dc, M\u00dcD\u00dcR VE BUNLARLA AYNI D\u00dcZEYDEK\u0130 G\u00d6REVLER i\u00e7in s\u00f6zl\u00fc s\u0131nav uygulamas\u0131n\u0131n iptaline istenmi\u015ftir.<br \/>Y\u00f6netmeli\u011fin 7. Maddesinde g\u00f6revde y\u00fckselme esaslar\u0131na tabi m\u00fcd\u00fcrl\u00fckler aras\u0131nda K\u00dcLT\u00dcR VARLIKLARI KORUMA B\u00d6LGE M\u00dcD\u00dcRL\u00dcK\u2019lerinin say\u0131lmamas\u0131n\u0131n iptali istenmi\u015ftir. \u0130lgili madde ile belirtilen m\u00fcd\u00fcrl\u00fcklerde \u00e7al\u0131\u015fan personelin g\u00f6revde y\u00fckselmelerin keyfiyete ba\u011flanm\u0131\u015f. Ayr\u0131ca bu m\u00fcd\u00fcrl\u00fcklerde liyakatsiz atama yap\u0131lmas\u0131n\u0131n \u00f6n\u00fc a\u00e7\u0131lm\u0131\u015ft\u0131r.<br \/>Y\u00f6netmeli\u011fin 7-1 maddesinde il halk k\u00fct\u00fcphanelerinin d\u0131\u015f\u0131ndaki k\u00fct\u00fcphane m\u00fcd\u00fcrl\u00fcklerine BBY, K\u00dcT\u00dcPHANEC\u0130L\u0130K, DOK\u00dcMANTASYON VE ENFORMASYON VEYA AR\u015e\u0130VC\u0130L\u0130K b\u00f6l\u00fcm\u00fc mezunlar\u0131n\u0131n d\u0131\u015f\u0131nda atama yap\u0131lmas\u0131n\u0131 \u00f6ng\u00f6rmektedir. \u0130lgili b\u00f6l\u00fcm mezunlar\u0131n\u0131n k\u00fct\u00fcphane m\u00fcd\u00fcr\u00fc olma olas\u0131l\u0131klar\u0131 k\u0131s\u0131tlanm\u0131\u015ft\u0131r.<\/p>\n","protected":false},"excerpt":{"rendered":"<p>K\u00dcLT\u00dcR VE TUR\u0130ZM BAKANLI\u011eI PERSONEL\u0130 G\u00d6REVDE Y\u00dcKSELME VE UNVAN DE\u011e\u0130\u015e\u0130KL\u0130\u011e\u0130 Y\u00d6NETMEL\u0130\u011e\u0130N\u0130N BAZI MADDELER\u0130N\u0130N \u0130PTAL\u0130NE \u0130L\u0130\u015eK\u0130N \u2018Y\u00dcR\u00dcTMEY\u0130 DURDURMA\u2019 TALEB\u0130YLE DAVA A\u00c7ILMI\u015eTIR03.06.2014 tarih ve 29019 say\u0131l\u0131 Resmi Gazetede yay\u0131nlanarak y\u00fcr\u00fcd\u00fc\u011fe girmi\u015f olan K\u00fclt\u00fcr ve Turizm Bakanl\u0131\u011f\u0131 Personeli G\u00f6revde Y\u00fckselme ve Unvan De\u011fi\u015fikli\u011fi Y\u00f6netmeli\u011finin baz\u0131 maddelerinin iptaline ili\u015fkin \u2018Y\u00dcR\u00dcTMEY\u0130 DURDURMA\u2019 talebiyle dava a\u00e7\u0131lm\u0131\u015ft\u0131rY\u00f6netmeli\u011fin 5. Maddesinin C bendinde ara\u015ft\u0131rma [&hellip;]<\/p>\n","protected":false},"author":0,"featured_media":0,"comment_status":"open","ping_status":"open","sticky":true,"template":"","format":"standard","meta":[],"categories":[595],"tags":[],"_links":{"self":[{"href":"https:\/\/kultursanatsen.org.tr\/portal\/wp-json\/wp\/v2\/posts\/10700"}],"collection":[{"href":"https:\/\/kultursanatsen.org.tr\/portal\/wp-json\/wp\/v2\/posts"}],"about":[{"href":"https:\/\/kultursanatsen.org.tr\/portal\/wp-json\/wp\/v2\/types\/post"}],"replies":[{"embeddable":true,"href":"https:\/\/kultursanatsen.org.tr\/portal\/wp-json\/wp\/v2\/comments?post=10700"}],"version-history":[{"count":0,"href":"https:\/\/kultursanatsen.org.tr\/portal\/wp-json\/wp\/v2\/posts\/10700\/revisions"}],"wp:attachment":[{"href":"https:\/\/kultursanatsen.org.tr\/portal\/wp-json\/wp\/v2\/media?parent=10700"}],"wp:term":[{"taxonomy":"category","embeddable":true,"href":"https:\/\/kultursanatsen.org.tr\/portal\/wp-json\/wp\/v2\/categories?post=10700"},{"taxonomy":"post_tag","embeddable":true,"href":"https:\/\/kultursanatsen.org.tr\/portal\/wp-json\/wp\/v2\/tags?post=10700"}],"curies":[{"name":"wp","href":"https:\/\/api.w.org\/{rel}","templated":true}]}}