{"id":10693,"date":"2014-08-29T09:04:59","date_gmt":"2014-08-29T09:04:59","guid":{"rendered":""},"modified":"2020-11-15T22:36:52","modified_gmt":"2020-11-15T22:36:52","slug":"canli-yayin-programi-d68","status":"publish","type":"post","link":"https:\/\/kultursanatsen.org.tr\/portal\/2014\/08\/29\/canli-yayin-programi-d68\/","title":{"rendered":"CANLI YAYIN PROGRAMI&#8230;"},"content":{"rendered":"<p>Sendikam\u0131z Kad\u0131n Sekreteri M\u00fcjgan \u00d6z\u00e7ay bu ak\u015fam 20:00\u2019de T\u00dcSAK yasas\u0131n\u0131 konu\u015fmak \u00fczere +1 TVde \u2018\u2019Hayat\u0131m\u0131z S\u0131nav\u2019\u2019 program\u0131nda Cihat \u015eener\u2019in konu\u011fu olacakt\u0131r.<\/p>\n","protected":false},"excerpt":{"rendered":"<p>Sendikam\u0131z Kad\u0131n Sekreteri M\u00fcjgan \u00d6z\u00e7ay bu ak\u015fam 20:00\u2019de T\u00dcSAK yasas\u0131n\u0131 konu\u015fmak \u00fczere +1 TVde \u2018\u2019Hayat\u0131m\u0131z S\u0131nav\u2019\u2019 program\u0131nda Cihat \u015eener\u2019in konu\u011fu olacakt\u0131r.<\/p>\n","protected":false},"author":1,"featured_media":0,"comment_status":"open","ping_status":"open","sticky":false,"template":"","format":"standard","meta":[],"categories":[613,612],"tags":[],"_links":{"self":[{"href":"https:\/\/kultursanatsen.org.tr\/portal\/wp-json\/wp\/v2\/posts\/10693"}],"collection":[{"href":"https:\/\/kultursanatsen.org.tr\/portal\/wp-json\/wp\/v2\/posts"}],"about":[{"href":"https:\/\/kultursanatsen.org.tr\/portal\/wp-json\/wp\/v2\/types\/post"}],"author":[{"embeddable":true,"href":"https:\/\/kultursanatsen.org.tr\/portal\/wp-json\/wp\/v2\/users\/1"}],"replies":[{"embeddable":true,"href":"https:\/\/kultursanatsen.org.tr\/portal\/wp-json\/wp\/v2\/comments?post=10693"}],"version-history":[{"count":1,"href":"https:\/\/kultursanatsen.org.tr\/portal\/wp-json\/wp\/v2\/posts\/10693\/revisions"}],"predecessor-version":[{"id":12417,"href":"https:\/\/kultursanatsen.org.tr\/portal\/wp-json\/wp\/v2\/posts\/10693\/revisions\/12417"}],"wp:attachment":[{"href":"https:\/\/kultursanatsen.org.tr\/portal\/wp-json\/wp\/v2\/media?parent=10693"}],"wp:term":[{"taxonomy":"category","embeddable":true,"href":"https:\/\/kultursanatsen.org.tr\/portal\/wp-json\/wp\/v2\/categories?post=10693"},{"taxonomy":"post_tag","embeddable":true,"href":"https:\/\/kultursanatsen.org.tr\/portal\/wp-json\/wp\/v2\/tags?post=10693"}],"curies":[{"name":"wp","href":"https:\/\/api.w.org\/{rel}","templated":true}]}}