{"id":10666,"date":"2014-05-13T08:11:59","date_gmt":"2014-05-13T08:11:59","guid":{"rendered":""},"modified":"2020-11-14T22:06:11","modified_gmt":"2020-11-14T22:06:11","slug":"acil-kan-ihtiyaci-d76","status":"publish","type":"post","link":"https:\/\/kultursanatsen.org.tr\/portal\/2014\/05\/13\/acil-kan-ihtiyaci-d76\/","title":{"rendered":"AC\u0130L KAN \u0130HT\u0130YACI&#8230;"},"content":{"rendered":"<p>\u0130zmir \u0130l K\u00fclt\u00fcr ve Turizm M\u00fcd\u00fcrl\u00fc\u011f\u00fc&#8217;nden emekli Sema BAKACAK arkada\u015f\u0131m\u0131z\u0131n \u00a0GATA&#8217;da yatan karde\u015fi i\u00e7in acilen B Rh (+) kana ihtiya\u00e7 vard\u0131r.<\/p>\n<p>\u0130rtibat Telefonu : 0542 490 88 37<\/p>\n","protected":false},"excerpt":{"rendered":"<p>\u0130zmir \u0130l K\u00fclt\u00fcr ve Turizm M\u00fcd\u00fcrl\u00fc\u011f\u00fc&#8217;nden emekli Sema BAKACAK arkada\u015f\u0131m\u0131z\u0131n \u00a0GATA&#8217;da yatan karde\u015fi i\u00e7in acilen B Rh (+) kana ihtiya\u00e7 vard\u0131r. \u0130rtibat Telefonu : 0542 490 88 37<\/p>\n","protected":false},"author":1,"featured_media":0,"comment_status":"open","ping_status":"open","sticky":false,"template":"","format":"standard","meta":[],"categories":[26,612],"tags":[],"_links":{"self":[{"href":"https:\/\/kultursanatsen.org.tr\/portal\/wp-json\/wp\/v2\/posts\/10666"}],"collection":[{"href":"https:\/\/kultursanatsen.org.tr\/portal\/wp-json\/wp\/v2\/posts"}],"about":[{"href":"https:\/\/kultursanatsen.org.tr\/portal\/wp-json\/wp\/v2\/types\/post"}],"author":[{"embeddable":true,"href":"https:\/\/kultursanatsen.org.tr\/portal\/wp-json\/wp\/v2\/users\/1"}],"replies":[{"embeddable":true,"href":"https:\/\/kultursanatsen.org.tr\/portal\/wp-json\/wp\/v2\/comments?post=10666"}],"version-history":[{"count":1,"href":"https:\/\/kultursanatsen.org.tr\/portal\/wp-json\/wp\/v2\/posts\/10666\/revisions"}],"predecessor-version":[{"id":11965,"href":"https:\/\/kultursanatsen.org.tr\/portal\/wp-json\/wp\/v2\/posts\/10666\/revisions\/11965"}],"wp:attachment":[{"href":"https:\/\/kultursanatsen.org.tr\/portal\/wp-json\/wp\/v2\/media?parent=10666"}],"wp:term":[{"taxonomy":"category","embeddable":true,"href":"https:\/\/kultursanatsen.org.tr\/portal\/wp-json\/wp\/v2\/categories?post=10666"},{"taxonomy":"post_tag","embeddable":true,"href":"https:\/\/kultursanatsen.org.tr\/portal\/wp-json\/wp\/v2\/tags?post=10666"}],"curies":[{"name":"wp","href":"https:\/\/api.w.org\/{rel}","templated":true}]}}