{"id":10626,"date":"2014-03-07T14:50:45","date_gmt":"2014-03-07T14:50:45","guid":{"rendered":""},"modified":"2020-11-15T22:36:54","modified_gmt":"2020-11-15T22:36:54","slug":"restorator-kadrolarina-atanma-sinavi-hakkinda-yazimiza-yanit-d25","status":"publish","type":"post","link":"https:\/\/kultursanatsen.org.tr\/portal\/2014\/03\/07\/restorator-kadrolarina-atanma-sinavi-hakkinda-yazimiza-yanit-d25\/","title":{"rendered":"RESTORAT\u00d6R KADROLARINA ATANMA SINAVI HAKKINDA YAZIMIZA YANIT&#8230;"},"content":{"rendered":"<p>Bakanl\u0131k b\u00fcnyesinde Restorat\u00f6r kadrolar\u0131na atanma yap\u0131lmas\u0131 i\u00e7in yap\u0131lan s\u0131navda, g\u00f6r\u00fclen usuls\u00fczl\u00fckler hakk\u0131nda K\u00fclt\u00fcr ve Turizm Bakanl\u0131\u011f\u0131 Tefti\u015f Kurulu Ba\u015fkanl\u0131\u011f\u0131na yazd\u0131\u011f\u0131m\u0131z yaz\u0131 ve al\u0131nan yan\u0131t ektedir.<\/p>\n","protected":false},"excerpt":{"rendered":"<p>Bakanl\u0131k b\u00fcnyesinde Restorat\u00f6r kadrolar\u0131na atanma yap\u0131lmas\u0131 i\u00e7in yap\u0131lan s\u0131navda, g\u00f6r\u00fclen usuls\u00fczl\u00fckler hakk\u0131nda K\u00fclt\u00fcr ve Turizm Bakanl\u0131\u011f\u0131 Tefti\u015f Kurulu Ba\u015fkanl\u0131\u011f\u0131na yazd\u0131\u011f\u0131m\u0131z yaz\u0131 ve al\u0131nan yan\u0131t ektedir.<\/p>\n","protected":false},"author":1,"featured_media":0,"comment_status":"open","ping_status":"open","sticky":true,"template":"","format":"standard","meta":[],"categories":[613,612],"tags":[],"_links":{"self":[{"href":"https:\/\/kultursanatsen.org.tr\/portal\/wp-json\/wp\/v2\/posts\/10626"}],"collection":[{"href":"https:\/\/kultursanatsen.org.tr\/portal\/wp-json\/wp\/v2\/posts"}],"about":[{"href":"https:\/\/kultursanatsen.org.tr\/portal\/wp-json\/wp\/v2\/types\/post"}],"author":[{"embeddable":true,"href":"https:\/\/kultursanatsen.org.tr\/portal\/wp-json\/wp\/v2\/users\/1"}],"replies":[{"embeddable":true,"href":"https:\/\/kultursanatsen.org.tr\/portal\/wp-json\/wp\/v2\/comments?post=10626"}],"version-history":[{"count":1,"href":"https:\/\/kultursanatsen.org.tr\/portal\/wp-json\/wp\/v2\/posts\/10626\/revisions"}],"predecessor-version":[{"id":12436,"href":"https:\/\/kultursanatsen.org.tr\/portal\/wp-json\/wp\/v2\/posts\/10626\/revisions\/12436"}],"wp:attachment":[{"href":"https:\/\/kultursanatsen.org.tr\/portal\/wp-json\/wp\/v2\/media?parent=10626"}],"wp:term":[{"taxonomy":"category","embeddable":true,"href":"https:\/\/kultursanatsen.org.tr\/portal\/wp-json\/wp\/v2\/categories?post=10626"},{"taxonomy":"post_tag","embeddable":true,"href":"https:\/\/kultursanatsen.org.tr\/portal\/wp-json\/wp\/v2\/tags?post=10626"}],"curies":[{"name":"wp","href":"https:\/\/api.w.org\/{rel}","templated":true}]}}