{"id":10612,"date":"2014-02-28T23:31:52","date_gmt":"2014-02-28T23:31:52","guid":{"rendered":""},"modified":"2020-11-15T22:41:47","modified_gmt":"2020-11-15T22:41:47","slug":"yetmi-yillik-bilgi-ve-birikime-sahip-sanat-kurumlarimizi-savunuyoruz","status":"publish","type":"post","link":"https:\/\/kultursanatsen.org.tr\/portal\/2014\/02\/28\/yetmi-yillik-bilgi-ve-birikime-sahip-sanat-kurumlarimizi-savunuyoruz\/","title":{"rendered":"YETM\u0130\u015e YILLIK B\u0130LG\u0130 VE B\u0130R\u0130K\u0130ME SAH\u0130P SANAT KURUMLARIMIZI SAVUNUYORUZ."},"content":{"rendered":"<p>Devlet Opera ve Balesinin kapat\u0131lmas\u0131na KAR\u015eI,<br \/>Devlet Tiyatrolar\u0131n\u0131n kapat\u0131lmas\u0131na KAR\u015eI,<br \/>G\u00fczel Sanatlar Genel M\u00fcd\u00fcrl\u00fc\u011f\u00fcn\u00fcn kapat\u0131lmas\u0131na KAR\u015eI,<br \/>Sanat\u0131n rant kap\u0131s\u0131 haline getirilmesine KAR\u015eI,<br \/>Sanata sans\u00fcr ve siyasi m\u00fcdahalelere KAR\u015eI s\u00f6yleyecek s\u00f6z\u00fcm\u00fcz var.<br \/>K\u00fclt\u00fcr ve Turizm Bakanl\u0131\u011f\u0131 taraf\u0131ndan yap\u0131lacak olan T\u00dcSAK \u00e7al\u0131\u015ftay\u0131 \u00f6ncesi d\u00fc\u015f\u00fcncelerimizi hayk\u0131rmak i\u00e7in 3 Mart Pazartesi g\u00fcn\u00fc saat 9.30\u2019da bulu\u015fuyoruz.<br \/>T\u00fcm k\u00fclt\u00fcr sanat emek\u00e7ilerini ve sanatseverleri sanat\u0131 savunmaya \u00c7A\u011eIRIYORUZ!<br \/>YER: T\u00dcRKSOY TOPLANTI SALONU<br \/>Ferit Recai Ertu\u011frul Caddesi no:8 Oran \u00c7ankaya\/ANKARA(Panora AVM kar\u015f\u0131s\u0131)<br \/>ULA\u015eIM: G\u00fcvenpark Oran dolmu\u015flar\u0131<br \/>\u0130LET\u0130\u015e\u0130M: 0 312 232 12 51<\/p>\n","protected":false},"excerpt":{"rendered":"<p>Devlet Opera ve Balesinin kapat\u0131lmas\u0131na KAR\u015eI,Devlet Tiyatrolar\u0131n\u0131n kapat\u0131lmas\u0131na KAR\u015eI,G\u00fczel Sanatlar Genel M\u00fcd\u00fcrl\u00fc\u011f\u00fcn\u00fcn kapat\u0131lmas\u0131na KAR\u015eI,Sanat\u0131n rant kap\u0131s\u0131 haline getirilmesine KAR\u015eI,Sanata sans\u00fcr ve siyasi m\u00fcdahalelere KAR\u015eI s\u00f6yleyecek s\u00f6z\u00fcm\u00fcz var.K\u00fclt\u00fcr ve Turizm Bakanl\u0131\u011f\u0131 taraf\u0131ndan yap\u0131lacak olan T\u00dcSAK \u00e7al\u0131\u015ftay\u0131 \u00f6ncesi d\u00fc\u015f\u00fcncelerimizi hayk\u0131rmak i\u00e7in 3 Mart Pazartesi g\u00fcn\u00fc saat 9.30\u2019da bulu\u015fuyoruz.T\u00fcm k\u00fclt\u00fcr sanat emek\u00e7ilerini ve sanatseverleri sanat\u0131 savunmaya \u00c7A\u011eIRIYORUZ!YER: T\u00dcRKSOY [&hellip;]<\/p>\n","protected":false},"author":1,"featured_media":0,"comment_status":"open","ping_status":"open","sticky":true,"template":"","format":"standard","meta":[],"categories":[618,614,472],"tags":[],"_links":{"self":[{"href":"https:\/\/kultursanatsen.org.tr\/portal\/wp-json\/wp\/v2\/posts\/10612"}],"collection":[{"href":"https:\/\/kultursanatsen.org.tr\/portal\/wp-json\/wp\/v2\/posts"}],"about":[{"href":"https:\/\/kultursanatsen.org.tr\/portal\/wp-json\/wp\/v2\/types\/post"}],"author":[{"embeddable":true,"href":"https:\/\/kultursanatsen.org.tr\/portal\/wp-json\/wp\/v2\/users\/1"}],"replies":[{"embeddable":true,"href":"https:\/\/kultursanatsen.org.tr\/portal\/wp-json\/wp\/v2\/comments?post=10612"}],"version-history":[{"count":1,"href":"https:\/\/kultursanatsen.org.tr\/portal\/wp-json\/wp\/v2\/posts\/10612\/revisions"}],"predecessor-version":[{"id":12468,"href":"https:\/\/kultursanatsen.org.tr\/portal\/wp-json\/wp\/v2\/posts\/10612\/revisions\/12468"}],"wp:attachment":[{"href":"https:\/\/kultursanatsen.org.tr\/portal\/wp-json\/wp\/v2\/media?parent=10612"}],"wp:term":[{"taxonomy":"category","embeddable":true,"href":"https:\/\/kultursanatsen.org.tr\/portal\/wp-json\/wp\/v2\/categories?post=10612"},{"taxonomy":"post_tag","embeddable":true,"href":"https:\/\/kultursanatsen.org.tr\/portal\/wp-json\/wp\/v2\/tags?post=10612"}],"curies":[{"name":"wp","href":"https:\/\/api.w.org\/{rel}","templated":true}]}}