{"id":10611,"date":"2014-02-28T15:01:00","date_gmt":"2014-02-28T15:01:00","guid":{"rendered":""},"modified":"2020-11-14T22:06:12","modified_gmt":"2020-11-14T22:06:12","slug":"aci-kaybimiz-d31","status":"publish","type":"post","link":"https:\/\/kultursanatsen.org.tr\/portal\/2014\/02\/28\/aci-kaybimiz-d31\/","title":{"rendered":"ACI KAYBIMIZ&#8230;"},"content":{"rendered":"<p>Opera sanat\u00e7\u0131lar\u0131ndan Devlet Sanat\u00e7\u0131s\u0131 Ayd\u0131n ve Azra G\u00fcn&#8217;\u00fcn o\u011fullar\u0131\u00a0Resim Sanat\u00e7\u0131s\u0131 Mehmet Refik G\u00fcn&#8217;\u00fcn cenazesi Pazar g\u00fcn\u00fc \u00d6\u011flen Namaz\u0131na m\u00fcteakip\u00a0Te\u015fvikiye camiinden kald\u0131r\u0131lacakt\u0131r.Ailesine, sevenlerine ve yak\u0131nlar\u0131na ba\u015fsa\u011fl\u0131\u011f\u0131 dileriz. K\u00dcLT\u00dcR SANAT-SEN GENEL MERKEZ\u0130<\/p>\n","protected":false},"excerpt":{"rendered":"<p>Opera sanat\u00e7\u0131lar\u0131ndan Devlet Sanat\u00e7\u0131s\u0131 Ayd\u0131n ve Azra G\u00fcn&#8217;\u00fcn o\u011fullar\u0131\u00a0Resim Sanat\u00e7\u0131s\u0131 Mehmet Refik G\u00fcn&#8217;\u00fcn cenazesi Pazar g\u00fcn\u00fc \u00d6\u011flen Namaz\u0131na m\u00fcteakip\u00a0Te\u015fvikiye camiinden kald\u0131r\u0131lacakt\u0131r.Ailesine, sevenlerine ve yak\u0131nlar\u0131na ba\u015fsa\u011fl\u0131\u011f\u0131 dileriz. K\u00dcLT\u00dcR SANAT-SEN GENEL MERKEZ\u0130<\/p>\n","protected":false},"author":1,"featured_media":0,"comment_status":"open","ping_status":"open","sticky":false,"template":"","format":"standard","meta":[],"categories":[26,612],"tags":[],"_links":{"self":[{"href":"https:\/\/kultursanatsen.org.tr\/portal\/wp-json\/wp\/v2\/posts\/10611"}],"collection":[{"href":"https:\/\/kultursanatsen.org.tr\/portal\/wp-json\/wp\/v2\/posts"}],"about":[{"href":"https:\/\/kultursanatsen.org.tr\/portal\/wp-json\/wp\/v2\/types\/post"}],"author":[{"embeddable":true,"href":"https:\/\/kultursanatsen.org.tr\/portal\/wp-json\/wp\/v2\/users\/1"}],"replies":[{"embeddable":true,"href":"https:\/\/kultursanatsen.org.tr\/portal\/wp-json\/wp\/v2\/comments?post=10611"}],"version-history":[{"count":1,"href":"https:\/\/kultursanatsen.org.tr\/portal\/wp-json\/wp\/v2\/posts\/10611\/revisions"}],"predecessor-version":[{"id":11975,"href":"https:\/\/kultursanatsen.org.tr\/portal\/wp-json\/wp\/v2\/posts\/10611\/revisions\/11975"}],"wp:attachment":[{"href":"https:\/\/kultursanatsen.org.tr\/portal\/wp-json\/wp\/v2\/media?parent=10611"}],"wp:term":[{"taxonomy":"category","embeddable":true,"href":"https:\/\/kultursanatsen.org.tr\/portal\/wp-json\/wp\/v2\/categories?post=10611"},{"taxonomy":"post_tag","embeddable":true,"href":"https:\/\/kultursanatsen.org.tr\/portal\/wp-json\/wp\/v2\/tags?post=10611"}],"curies":[{"name":"wp","href":"https:\/\/api.w.org\/{rel}","templated":true}]}}