{"id":10482,"date":"2013-11-21T11:17:46","date_gmt":"2013-11-21T11:17:46","guid":{"rendered":""},"modified":"2013-11-21T11:37:38","modified_gmt":"2013-11-21T11:37:38","slug":"kamu-personeli-dani-ma-kurulu-toplantisi","status":"publish","type":"post","link":"https:\/\/kultursanatsen.org.tr\/portal\/2013\/11\/21\/kamu-personeli-dani-ma-kurulu-toplantisi\/","title":{"rendered":"KAMU PERSONEL\u0130 DANI\u015eMA KURULU TOPLANTISI&#8230;"},"content":{"rendered":"<p>Toplu \u0130\u015f S\u00f6zle\u015fmesi kapsam\u0131nda\u00a04688 Say\u0131l\u0131 Kamu G\u00f6revlileri Sendikalar\u0131 ve Toplu S\u00f6zle\u015fme Kanununun 21 nci maddesi uyar\u0131nca ekte belirtilen g\u00fcndemle toplanacak olan Kamu Personeli dan\u0131\u015fma Kurulu&#8217;nun 2013 Y\u0131l\u0131 Kas\u0131m ay\u0131 28.11.2013 per\u015fembe g\u00fcn\u00fc saat 14.00&#8217;da yap\u0131lacak toplant\u0131s\u0131na; \u00a0\u00c7al\u0131\u015fma ve Sosyal G\u00fcvenlik Bakanl\u0131\u011f\u0131n\u0131n sendikam\u0131za daveti ektedir.\u00a0<\/p>\n","protected":false},"excerpt":{"rendered":"<p>Toplu \u0130\u015f S\u00f6zle\u015fmesi kapsam\u0131nda\u00a04688 Say\u0131l\u0131 Kamu G\u00f6revlileri Sendikalar\u0131 ve Toplu S\u00f6zle\u015fme Kanununun 21 nci maddesi uyar\u0131nca ekte belirtilen g\u00fcndemle toplanacak olan Kamu Personeli dan\u0131\u015fma Kurulu&#8217;nun 2013 Y\u0131l\u0131 Kas\u0131m ay\u0131 28.11.2013 per\u015fembe g\u00fcn\u00fc saat 14.00&#8217;da yap\u0131lacak toplant\u0131s\u0131na; \u00a0\u00c7al\u0131\u015fma ve Sosyal G\u00fcvenlik Bakanl\u0131\u011f\u0131n\u0131n sendikam\u0131za daveti ektedir.\u00a0<\/p>\n","protected":false},"author":0,"featured_media":0,"comment_status":"open","ping_status":"open","sticky":true,"template":"","format":"standard","meta":[],"categories":[1],"tags":[],"_links":{"self":[{"href":"https:\/\/kultursanatsen.org.tr\/portal\/wp-json\/wp\/v2\/posts\/10482"}],"collection":[{"href":"https:\/\/kultursanatsen.org.tr\/portal\/wp-json\/wp\/v2\/posts"}],"about":[{"href":"https:\/\/kultursanatsen.org.tr\/portal\/wp-json\/wp\/v2\/types\/post"}],"replies":[{"embeddable":true,"href":"https:\/\/kultursanatsen.org.tr\/portal\/wp-json\/wp\/v2\/comments?post=10482"}],"version-history":[{"count":0,"href":"https:\/\/kultursanatsen.org.tr\/portal\/wp-json\/wp\/v2\/posts\/10482\/revisions"}],"wp:attachment":[{"href":"https:\/\/kultursanatsen.org.tr\/portal\/wp-json\/wp\/v2\/media?parent=10482"}],"wp:term":[{"taxonomy":"category","embeddable":true,"href":"https:\/\/kultursanatsen.org.tr\/portal\/wp-json\/wp\/v2\/categories?post=10482"},{"taxonomy":"post_tag","embeddable":true,"href":"https:\/\/kultursanatsen.org.tr\/portal\/wp-json\/wp\/v2\/tags?post=10482"}],"curies":[{"name":"wp","href":"https:\/\/api.w.org\/{rel}","templated":true}]}}