{"id":10249,"date":"2013-02-18T18:48:36","date_gmt":"2013-02-18T18:48:36","guid":{"rendered":""},"modified":"2020-11-05T00:47:10","modified_gmt":"2020-11-05T00:47:10","slug":"anayasa-mahkemesi-666-say-l-khk-n-n-baz-maddelerini-iptal-etmi-tir","status":"publish","type":"post","link":"https:\/\/kultursanatsen.org.tr\/portal\/2013\/02\/18\/anayasa-mahkemesi-666-say-l-khk-n-n-baz-maddelerini-iptal-etmi-tir\/","title":{"rendered":"Anayasa Mahkemesi 666 Say\u0131l\u0131 KHK\u2019n\u0131n Baz\u0131 Maddelerini \u0130ptal Etmi\u015ftir\u2026"},"content":{"rendered":"<p style=\"text-align: justify;\"><strong><span style=\"color: #0000ff;\" data-mce-mark=\"1\">666 Say\u0131l\u0131 KHK \u2018ya K\u0131smi \u0130ptal Ve Sonu\u00e7lar\u0131<\/span><\/strong><\/p>\n<p style=\"text-align: justify;\">Anayasa Mahkemesi, 666 Say\u0131l\u0131 Kamu G\u00f6revlilerinin Mali Haklar\u0131n\u0131n D\u00fczenlenmesi Amac\u0131yla Baz\u0131 Kanun Ve Kanun H\u00fckm\u00fcnde Kararnamelerde De\u011fi\u015fiklik Yap\u0131lmas\u0131na Dair Kanun H\u00fckm\u00fcnde Kararname\u2019nin baz\u0131 h\u00fck\u00fcmlerini iptal etti. Ana muhalefet partisi taraf\u0131ndan 2011\/139 esas numaras\u0131 ile yap\u0131lan ba\u015fvuruyu de\u011ferlendiren Mahkeme s\u00f6z konusu Kanun H\u00fckm\u00fcnde Kararnamenin (KHK) baz\u0131 h\u00fck\u00fcmlerini anayasaya ayk\u0131r\u0131l\u0131k ve 6223 say\u0131l\u0131 Yetki Kanunu kapsam\u0131nda olmad\u0131\u011f\u0131 gerek\u00e7esiyle iptal etti.<br \/>Anayasa Mahkemesinin iptal etti\u011fi d\u00fczenlemelerin bir k\u0131sm\u0131 karar\u0131n resmi gazetede yay\u0131mland\u0131\u011f\u0131 tarihte y\u00fcr\u00fcrl\u00fc\u011fe girecek. \u0130ptal edilen d\u00fczenlemelerin \u00f6nemli bir b\u00f6l\u00fcm\u00fc ise mahkeme karar\u0131n\u0131n resmi gazetede yay\u0131mland\u0131\u011f\u0131 tarihten dokuz ay sonra y\u00fcr\u00fcrl\u00fc\u011fe girecek.<br \/>Ek \u00d6deme Maddesi \u0130ptal Olmad\u0131<br \/>Hemen ba\u015fta ifade edelim ki Anayasa Mahkemesine yap\u0131lan ba\u015fvuruda kamu emek\u00e7ilerinin bir b\u00f6l\u00fcm\u00fcne ek \u00f6deme verilmesini d\u00fczenleyen, 666 say\u0131l\u0131 KHK&#8217;n\u0131n 1.\u00a0maddesiyle 375 say\u0131l\u0131 KHK&#8217;ya eklenen ek 9. maddenin iptali talep edilmemi\u015fti. Bu nedenle Anayasa Mahkemesi bu maddeye ili\u015fkin bir karar almam\u0131\u015ft\u0131r.<\/p>\n<p style=\"text-align: justify;\"><span style=\"color: #0000ff;\" data-mce-mark=\"1\"><strong>666 Say\u0131l\u0131 KHK Neydi?<\/strong><\/span><\/p>\n<p style=\"text-align: justify;\">Bilindi\u011fi \u00fczere, AKP H\u00fck\u00fcmeti, tam da genel se\u00e7im \u00f6ncesinde kendisine Kanun H\u00fckm\u00fcnde Kararname (KHK) \u00e7\u0131karma yetkisi veren bir yasay\u0131 yang\u0131ndan mal ka\u00e7\u0131r\u0131rcas\u0131na \u00e7\u0131karm\u0131\u015ft\u0131. Meclisi adeta by-pass ederek \u00e7\u0131kar\u0131lan 06.04.2011 Tarih ve 6223 Say\u0131l\u0131 kanunun verdi\u011fi \u201cyetkiye\u201d dayanan AKP h\u00fck\u00fcmeti, \u00e7al\u0131\u015fanlar\u0131n ve sendikalar\u0131n g\u00f6r\u00fc\u015flerini hi\u00e7bir \u015fekilde dikkate almadan ard\u0131 ard\u0131na toplam 35 Kanun H\u00fckm\u00fcnde Kararname \u00e7\u0131karm\u0131\u015ft\u0131. Toplu s\u00f6zle\u015fme konusu pek \u00e7ok d\u00fczenleme Kanun H\u00fckm\u00fcnde Kararnamelerle hayata ge\u00e7irilmi\u015fti.<\/p>\n<p style=\"text-align: justify;\">Bu KHK\u2019larla, onlarca kanunda, ki\u015fi temek hak ve \u00f6zg\u00fcrl\u00fcklerini do\u011frudan ilgilendiren sa\u011fl\u0131k, e\u011fitim, adalet, bar\u0131nma, k\u00fclt\u00fcr ve \u00e7evre gibi hizmetlerle, kamu y\u00f6netimi alan\u0131nda kariyer ve mesleki geli\u015fim, bilimsel ara\u015ft\u0131rma, mali ve sosyal haklar ba\u015fta olmak \u00fczere bir\u00e7ok alanda temel de\u011fi\u015fiklikler yap\u0131lm\u0131\u015ft\u0131. \u0130lgili emek ve meslek \u00f6rg\u00fctleri ile kamuoyundan gizlenerek yap\u0131lan de\u011fi\u015fikliklerle tam bir ke\u015fmeke\u015f yarat\u0131lm\u0131\u015ft\u0131.<\/p>\n<p style=\"text-align: justify;\">Hat\u0131rlanaca\u011f\u0131 \u00fczere kamuda \u00e7al\u0131\u015fma hayat\u0131n\u0131 alt \u00fcst eden bu kanun h\u00fckm\u00fcnde kararnameler aras\u0131nda yer alan 666 Say\u0131l\u0131 Kanun H\u00fckm\u00fcnde Kararname ile \u201ce\u015fit i\u015fe e\u015fit \u00fccret\u201d ilkesinin hayata ge\u00e7ilece\u011fi iddia edilmi\u015fti. Ancak KESK olarak t\u00fcm ele\u015ftirilerimize ra\u011fmen 2 Kas\u0131m 2011 tarihili Resmi Gazetede yay\u0131mlanarak y\u00fcr\u00fcrl\u00fc\u011fe giren 666 Say\u0131l\u0131 KHK ile \u00e7al\u0131\u015fanlar aras\u0131ndaki e\u015fitsizlik daha da derinle\u015ftirilmi\u015fti. 666 say\u0131l\u0131 KHK ile Kurumlar\u0131n Merkez ve Ta\u015fra Te\u015fkilat\u0131 personeli aras\u0131nda \u00fccret ayr\u0131mc\u0131l\u0131\u011f\u0131 artt\u0131r\u0131lm\u0131\u015f, baz\u0131 kurumlar\u0131n Merkez personelinin \u00fccret ve tazminatlar\u0131 657 say\u0131l\u0131 yasa kapsam\u0131ndan \u00e7\u0131kar\u0131larak farkl\u0131 bir stat\u00fc yarat\u0131lm\u0131\u015ft\u0131. Cumhurba\u015fkan\u0131 Genel Sekreterli\u011fi, TBMM Genel Sekreterli\u011fi, T\u00fcrk Akreditasyon Kurumu Genel<\/p>\n","protected":false},"excerpt":{"rendered":"<p>666 Say\u0131l\u0131 KHK \u2018ya K\u0131smi \u0130ptal Ve Sonu\u00e7lar\u0131 Anayasa Mahkemesi, 666 Say\u0131l\u0131 Kamu G\u00f6revlilerinin Mali Haklar\u0131n\u0131n D\u00fczenlenmesi Amac\u0131yla Baz\u0131 Kanun Ve Kanun H\u00fckm\u00fcnde Kararnamelerde De\u011fi\u015fiklik Yap\u0131lmas\u0131na Dair Kanun H\u00fckm\u00fcnde Kararname\u2019nin baz\u0131 h\u00fck\u00fcmlerini iptal etti. Ana muhalefet partisi taraf\u0131ndan 2011\/139 esas numaras\u0131 ile yap\u0131lan ba\u015fvuruyu de\u011ferlendiren Mahkeme s\u00f6z konusu Kanun H\u00fckm\u00fcnde Kararnamenin (KHK) baz\u0131 h\u00fck\u00fcmlerini anayasaya [&hellip;]<\/p>\n","protected":false},"author":0,"featured_media":0,"comment_status":"open","ping_status":"open","sticky":false,"template":"","format":"standard","meta":[],"categories":[1],"tags":[523],"_links":{"self":[{"href":"https:\/\/kultursanatsen.org.tr\/portal\/wp-json\/wp\/v2\/posts\/10249"}],"collection":[{"href":"https:\/\/kultursanatsen.org.tr\/portal\/wp-json\/wp\/v2\/posts"}],"about":[{"href":"https:\/\/kultursanatsen.org.tr\/portal\/wp-json\/wp\/v2\/types\/post"}],"replies":[{"embeddable":true,"href":"https:\/\/kultursanatsen.org.tr\/portal\/wp-json\/wp\/v2\/comments?post=10249"}],"version-history":[{"count":0,"href":"https:\/\/kultursanatsen.org.tr\/portal\/wp-json\/wp\/v2\/posts\/10249\/revisions"}],"wp:attachment":[{"href":"https:\/\/kultursanatsen.org.tr\/portal\/wp-json\/wp\/v2\/media?parent=10249"}],"wp:term":[{"taxonomy":"category","embeddable":true,"href":"https:\/\/kultursanatsen.org.tr\/portal\/wp-json\/wp\/v2\/categories?post=10249"},{"taxonomy":"post_tag","embeddable":true,"href":"https:\/\/kultursanatsen.org.tr\/portal\/wp-json\/wp\/v2\/tags?post=10249"}],"curies":[{"name":"wp","href":"https:\/\/api.w.org\/{rel}","templated":true}]}}