{"id":1011,"date":"2016-06-01T08:01:10","date_gmt":"2016-06-01T08:01:10","guid":{"rendered":"http:\/\/kultursanatsen.org.tr\/portal\/2016\/06\/01\/tmmoba-yonelik-intikamci-saldiriyi-kiniyoruz\/"},"modified":"2016-06-01T08:01:10","modified_gmt":"2016-06-01T08:01:10","slug":"tmmoba-yonelik-intikamci-saldiriyi-kiniyoruz","status":"publish","type":"post","link":"https:\/\/kultursanatsen.org.tr\/portal\/2016\/06\/01\/tmmoba-yonelik-intikamci-saldiriyi-kiniyoruz\/","title":{"rendered":"TMMOB\u2019A Y\u00d6NEL\u0130K \u0130NT\u0130KAMCI SALDIRIYI KINIYORUZ!"},"content":{"rendered":"\n<p style=\"margin: 0px; padding: 0px; border: 0px; outline: 0px; color: #1e1e1e; font-family: Calibri, Verdana, Arial, Helvetica, sans-serif; font-size: 14px; line-height: normal; text-align: justify;\">AKP iktidar\u0131n\u0131n bask\u0131c\u0131 otoriter bir y\u00f6netim anlay\u0131\u015f\u0131 ile emek \u00f6rg\u00fctleri \u00fczerinde s\u00fcrd\u00fcrd\u00fc\u011f\u00fc operasyonlar s\u00fcr\u00fcyor. Son olarak bug\u00fcn T\u00fcrk M\u00fchendis ve Mimar Odalar\u0131 Birli\u011fi\u2019ne (TMMOB) ba\u011fl\u0131 Mimarlar Odas\u0131\u2019n\u0131n Y\u0131ld\u0131z Saray\u0131\u2019nda bulunan binas\u0131 i\u00e7in hukuksuz bir \u015fekilde bo\u015faltma karar\u0131 al\u0131nm\u0131\u015ft\u0131r. Karara kar\u015f\u0131 \u00e7\u0131kan aralar\u0131nda Mimarlar Odas\u0131 Ba\u015fkan\u0131 Ey\u00fcp Muhcu, Mimarlar Odas\u0131 \u0130stanbul \u015eube Ba\u015fkan\u0131 Sami Y\u0131lmazt\u00fcrk, \u0130stanbul \u015fube y\u00f6neticisi Mimar M\u00fccella Yap\u0131c\u0131 ile Avukat Can Atalay\u2019\u0131n da bulundu\u011fu 15 ki\u015fi g\u00f6zalt\u0131na al\u0131nm\u0131\u015ft\u0131r.<\/p>\n<p style=\"margin: 0px; padding: 0px; border: 0px; outline: 0px; color: #1e1e1e; font-family: Calibri, Verdana, Arial, Helvetica, sans-serif; font-size: 14px; line-height: normal; text-align: justify;\">\u00a0<\/p>\n<p style=\"margin: 0px; padding: 0px; border: 0px; outline: 0px; color: #1e1e1e; font-family: Calibri, Verdana, Arial, Helvetica, sans-serif; font-size: 14px; line-height: normal; text-align: justify;\">Derelerimize, ormanlar\u0131m\u0131za, kentlerimize, k\u00f6ylerimize sahip \u00e7\u0131karak, do\u011fan\u0131n ve insan\u0131n s\u00f6m\u00fcr\u00fclmesine kar\u015f\u0131 m\u00fccadele eden TMMOB ve Mimarlar Odas\u0131, kirli rant politikalar\u0131ndan beslenenlerin her zaman hedefinde olmu\u015ftur. Bug\u00fcn ya\u015fanan sald\u0131r\u0131 ise TMMOB\u2019u, karalama kampanyalar\u0131yla, torba yasalarla teslim alamayanlar\u0131n yeni aray\u0131\u015flar i\u00e7ine girdi\u011fini g\u00f6stermektedir.<\/p>\n<p style=\"margin: 0px; padding: 0px; border: 0px; outline: 0px; color: #1e1e1e; font-family: Calibri, Verdana, Arial, Helvetica, sans-serif; font-size: 14px; line-height: normal; text-align: justify;\">\u00a0<\/p>\n<p style=\"margin: 0px; padding: 0px; border: 0px; outline: 0px; color: #1e1e1e; font-family: Calibri, Verdana, Arial, Helvetica, sans-serif; font-size: 14px; line-height: normal; text-align: justify;\">Tam da Gezi Direni\u015finin 3. Y\u0131ld\u00f6n\u00fcm\u00fcnde ger\u00e7ekle\u015ftirilen bu sald\u0131r\u0131 elbette ki tesad\u00fcf de\u011fildir. \u00dc\u00e7 y\u0131l \u00f6nce Gezi Park\u0131\u2019n\u0131n talan edilmesine kar\u015f\u0131 \u00e7\u0131kanlar \u015fahs\u0131nda e\u015fitli\u011fe, \u00f6zg\u00fcrl\u00fc\u011fe, demokrasiye \u0131srarla sahip \u00e7\u0131kanlara g\u00f6z da\u011f\u0131 verilmek istenmektedir.<\/p>\n<p style=\"margin: 0px; padding: 0px; border: 0px; outline: 0px; color: #1e1e1e; font-family: Calibri, Verdana, Arial, Helvetica, sans-serif; font-size: 14px; line-height: normal; text-align: justify;\">\u00a0<\/p>\n<p style=\"margin: 0px; padding: 0px; border: 0px; outline: 0px; color: #1e1e1e; font-family: Calibri, Verdana, Arial, Helvetica, sans-serif; font-size: 14px; line-height: normal; text-align: justify;\">K\u00dcLT\u00dcR SANAT-SEN olarak, her t\u00fcr zorbal\u0131\u011fa kar\u015f\u0131 eme\u011fin, \u00f6zg\u00fcrl\u00fc\u011f\u00fcn, karde\u015fli\u011fin hakim oldu\u011fu yeni bir T\u00fcrkiye m\u00fccadelesinde yan yana olmaktan onur duydu\u011fumuz TMMOB\u2019a kar\u015f\u0131 izlenen intikamc\u0131 politikalar\u0131 k\u0131n\u0131yor, g\u00f6z alt\u0131na al\u0131nanlar\u0131n derhal serbest b\u0131rak\u0131lmas\u0131n\u0131 istiyoruz.<\/p>\n<p style=\"margin: 0px; padding: 0px; border: 0px; outline: 0px; color: #1e1e1e; font-family: Calibri, Verdana, Arial, Helvetica, sans-serif; font-size: 14px; line-height: normal; text-align: justify;\">\u00a0<\/p>\n<p style=\"margin: 0px; padding: 0px; border: 0px; outline: 0px; color: #1e1e1e; font-family: Calibri, Verdana, Arial, Helvetica, sans-serif; font-size: 14px; line-height: normal; text-align: justify;\"><strong>Y\u00d6NET\u0130M KURULU<\/strong><\/p>\n","protected":false},"excerpt":{"rendered":"<p>AKP iktidar\u0131n\u0131n bask\u0131c\u0131 otoriter bir y\u00f6netim anlay\u0131\u015f\u0131 ile emek \u00f6rg\u00fctleri \u00fczerinde s\u00fcrd\u00fcrd\u00fc\u011f\u00fc operasyonlar s\u00fcr\u00fcyor. Son olarak bug\u00fcn T\u00fcrk M\u00fchendis ve Mimar Odalar\u0131 Birli\u011fi\u2019ne (TMMOB) ba\u011fl\u0131 Mimarlar Odas\u0131\u2019n\u0131n Y\u0131ld\u0131z Saray\u0131\u2019nda bulunan binas\u0131 i\u00e7in hukuksuz bir \u015fekilde bo\u015faltma karar\u0131 al\u0131nm\u0131\u015ft\u0131r. Karara kar\u015f\u0131 \u00e7\u0131kan aralar\u0131nda Mimarlar Odas\u0131 Ba\u015fkan\u0131 Ey\u00fcp Muhcu, Mimarlar Odas\u0131 \u0130stanbul \u015eube Ba\u015fkan\u0131 Sami Y\u0131lmazt\u00fcrk, \u0130stanbul [&hellip;]<\/p>\n","protected":false},"author":3,"featured_media":1012,"comment_status":"open","ping_status":"open","sticky":false,"template":"","format":"standard","meta":[],"categories":[1],"tags":[],"_links":{"self":[{"href":"https:\/\/kultursanatsen.org.tr\/portal\/wp-json\/wp\/v2\/posts\/1011"}],"collection":[{"href":"https:\/\/kultursanatsen.org.tr\/portal\/wp-json\/wp\/v2\/posts"}],"about":[{"href":"https:\/\/kultursanatsen.org.tr\/portal\/wp-json\/wp\/v2\/types\/post"}],"author":[{"embeddable":true,"href":"https:\/\/kultursanatsen.org.tr\/portal\/wp-json\/wp\/v2\/users\/3"}],"replies":[{"embeddable":true,"href":"https:\/\/kultursanatsen.org.tr\/portal\/wp-json\/wp\/v2\/comments?post=1011"}],"version-history":[{"count":0,"href":"https:\/\/kultursanatsen.org.tr\/portal\/wp-json\/wp\/v2\/posts\/1011\/revisions"}],"wp:featuredmedia":[{"embeddable":true,"href":"https:\/\/kultursanatsen.org.tr\/portal\/wp-json\/wp\/v2\/media\/1012"}],"wp:attachment":[{"href":"https:\/\/kultursanatsen.org.tr\/portal\/wp-json\/wp\/v2\/media?parent=1011"}],"wp:term":[{"taxonomy":"category","embeddable":true,"href":"https:\/\/kultursanatsen.org.tr\/portal\/wp-json\/wp\/v2\/categories?post=1011"},{"taxonomy":"post_tag","embeddable":true,"href":"https:\/\/kultursanatsen.org.tr\/portal\/wp-json\/wp\/v2\/tags?post=1011"}],"curies":[{"name":"wp","href":"https:\/\/api.w.org\/{rel}","templated":true}]}}