{"id":614,"count":98,"description":"","link":"https:\/\/kultursanatsen.org.tr\/portal\/category\/2020-haberler\/2020-sube-ve-temsilcilik-haberleri\/","name":"2020-\u015eUBE VE TEMS\u0130LC\u0130L\u0130K HABERLER\u0130","slug":"2020-sube-ve-temsilcilik-haberleri","taxonomy":"category","parent":612,"meta":[],"_links":{"self":[{"href":"https:\/\/kultursanatsen.org.tr\/portal\/wp-json\/wp\/v2\/categories\/614"}],"collection":[{"href":"https:\/\/kultursanatsen.org.tr\/portal\/wp-json\/wp\/v2\/categories"}],"about":[{"href":"https:\/\/kultursanatsen.org.tr\/portal\/wp-json\/wp\/v2\/taxonomies\/category"}],"up":[{"embeddable":true,"href":"https:\/\/kultursanatsen.org.tr\/portal\/wp-json\/wp\/v2\/categories\/612"}],"wp:post_type":[{"href":"https:\/\/kultursanatsen.org.tr\/portal\/wp-json\/wp\/v2\/posts?categories=614"}],"curies":[{"name":"wp","href":"https:\/\/api.w.org\/{rel}","templated":true}]}}